{"id":6575,"date":"2023-11-01T20:39:43","date_gmt":"2023-11-01T19:39:43","guid":{"rendered":"https:\/\/zeutelier.fr\/?p=6575"},"modified":"2024-01-14T18:47:33","modified_gmt":"2024-01-14T17:47:33","slug":"une-table-basse-en-chene","status":"publish","type":"post","link":"https:\/\/zeutelier.fr\/?p=6575","title":{"rendered":"Une table basse en ch\u00eane"},"content":{"rendered":"\n<p>Nous avons dans notre salon deux fauteuil auquel il manque une table pour poser divers objets du quotidien : bi\u00e8res, g\u00e2teaux ap\u00e9ros, livres &#8230;<\/p>\n\n\n\n<p>Apr\u00e8s quelques recherches d&rsquo;id\u00e9es sur internet, dont<a href=\"https:\/\/www.pinterest.fr\/zeutelier\/\"> Pinterest<\/a>, nous sommes tomb\u00e9s d&rsquo;accord sur un mod\u00e8le de table en Z. La table en question ne correspondait pas tout a fait en terme de taille (ni de prix), je me suis donc attach\u00e9 \u00e0 proposer \u00e0 ma Chef D\u00e9coratrice ador\u00e9e une version adapt\u00e9e, sur CATIA.<\/p>\n\n\n\n<figure class=\"wp-block-image size-full is-resized\"><img loading=\"lazy\" decoding=\"async\" width=\"850\" height=\"768\" src=\"https:\/\/zeutelier.fr\/wp-content\/uploads\/2023\/10\/table-ZZ-9.jpg\" alt=\"\" class=\"wp-image-6584\" style=\"aspect-ratio:1.1067708333333333;width:900px;height:auto\" srcset=\"https:\/\/zeutelier.fr\/wp-content\/uploads\/2023\/10\/table-ZZ-9.jpg 850w, https:\/\/zeutelier.fr\/wp-content\/uploads\/2023\/10\/table-ZZ-9-300x271.jpg 300w, https:\/\/zeutelier.fr\/wp-content\/uploads\/2023\/10\/table-ZZ-9-768x694.jpg 768w\" sizes=\"auto, (max-width: 850px) 100vw, 850px\" \/><figcaption class=\"wp-element-caption\">En th\u00e9orie, tout va toujours bien<\/figcaption><\/figure>\n\n\n\n<p>La version d&rsquo;origine n&rsquo;avait pas les renforts dans les angles. Vu que notre version est plus longue, large et haute, je n&rsquo;ai pas voulu courir le risque. Et puis il y a r\u00e9guli\u00e8rement des enfants en bas age \u00e0 la maison, donc j&rsquo;essaye aussi d&rsquo;\u00e9viter de me retrouver avec un enfant bless\u00e9 et une table cass\u00e9e pour cause de tentative d&rsquo;escalade improvis\u00e9e.<\/p>\n\n\n\n<h2 class=\"wp-block-heading\">D\u00e9coupe des \u00e9l\u00e9ments de la table basse<\/h2>\n\n\n\n<p>Pour le bois de la table, j&rsquo;ai utilis\u00e9 un plateau provenant du d\u00e9montage de ma cuisine. Il est en ch\u00eane et fait une taille suffisamment proche de mon besoin pour limiter les pertes.<\/p>\n\n\n\n<p>Le plateau est d\u00e9coup\u00e9 dans la longueur \u00e0 la scie circulaire avec une r\u00e8gle de ma\u00e7on comme guide. <\/p>\n\n\n\n<figure class=\"wp-block-image size-full\"><img loading=\"lazy\" decoding=\"async\" width=\"768\" height=\"1024\" src=\"https:\/\/zeutelier.fr\/wp-content\/uploads\/2023\/10\/table-ZZ-10.jpg\" alt=\"\" class=\"wp-image-6585\" srcset=\"https:\/\/zeutelier.fr\/wp-content\/uploads\/2023\/10\/table-ZZ-10.jpg 768w, https:\/\/zeutelier.fr\/wp-content\/uploads\/2023\/10\/table-ZZ-10-225x300.jpg 225w\" sizes=\"auto, (max-width: 768px) 100vw, 768px\" \/><\/figure>\n\n\n\n<p>Les coupes dans la largeur sont faite \u00e0 la scie \u00e0 onglet suivant les angles d\u00e9finis par le fichier 3D. <strong>Je vous mets les plans en fin d&rsquo;article.<\/strong><\/p>\n\n\n\n<p>Les per\u00e7ages sont pr\u00e9cis\u00e9s sur les plans. J&rsquo;ai fait des pr\u00e9-trous \u00e0 la perceuse \u00e0 colonne pour assembler le tout avec des vis qui trainaient. \u00c7a permet de valider en situation si les dimensions vont bien.  L&rsquo;id\u00e9e ensuite est d&rsquo;utiliser la m\u00eame technique que pour les<a href=\"https:\/\/zeutelier.fr\/?p=1044\"> tables de chevet<\/a> (entre autres), en rempla\u00e7ant les vis par des chevilles, une fois tout valid\u00e9 et coll\u00e9. <\/p>\n\n\n\n<figure class=\"wp-block-image size-full\"><img loading=\"lazy\" decoding=\"async\" width=\"768\" height=\"1024\" src=\"https:\/\/zeutelier.fr\/wp-content\/uploads\/2023\/10\/table-ZZ-1.jpg\" alt=\"\" class=\"wp-image-6576\" srcset=\"https:\/\/zeutelier.fr\/wp-content\/uploads\/2023\/10\/table-ZZ-1.jpg 768w, https:\/\/zeutelier.fr\/wp-content\/uploads\/2023\/10\/table-ZZ-1-225x300.jpg 225w\" sizes=\"auto, (max-width: 768px) 100vw, 768px\" \/><figcaption class=\"wp-element-caption\">Le prototype est valid\u00e9, reste \u00e0 faire le reste<\/figcaption><\/figure>\n\n\n\n<h2 class=\"wp-block-heading\">Pon\u00e7age et finition<\/h2>\n\n\n\n<p>Le gros du travail est ensuite de tout d\u00e9monter pour tout poncer au grain 120 puis 240. J&rsquo;en ai profit\u00e9 pour casser les angles au rabot de paume. <\/p>\n\n\n\n<p>J&rsquo;ai ensuite tout remont\u00e9 et coll\u00e9 les \u00e9l\u00e9ments entre eux, toujours tenus avec les vis. <\/p>\n\n\n\n<p>Une fois la colle s\u00e8che, j&rsquo;ai repris les d\u00e9saffleurements pour que tout s\u2019aligne correctement. Le rabot de paume et mon<a href=\"https:\/\/zeutelier.fr\/?p=651\"> rabot n\u00b04 <\/a>ont \u00e9t\u00e9s bien utiles, ainsi que bien entendu la cale \u00e0 poncer et la ponceuse. <\/p>\n\n\n\n<figure class=\"wp-block-image size-full is-resized\"><img loading=\"lazy\" decoding=\"async\" width=\"768\" height=\"1024\" src=\"https:\/\/zeutelier.fr\/wp-content\/uploads\/2023\/10\/table-ZZ-3-rotated.jpg\" alt=\"\" class=\"wp-image-6578\" style=\"aspect-ratio:0.75;width:905px;height:auto\" srcset=\"https:\/\/zeutelier.fr\/wp-content\/uploads\/2023\/10\/table-ZZ-3-rotated.jpg 768w, https:\/\/zeutelier.fr\/wp-content\/uploads\/2023\/10\/table-ZZ-3-225x300.jpg 225w\" sizes=\"auto, (max-width: 768px) 100vw, 768px\" \/><\/figure>\n\n\n\n<p>Je me suis ensuite attaqu\u00e9 au remplacement des vis. En soit il est tout \u00e0 fait possible de les laisser ou simplement des les masquer mais je trouve les chevilles plus esth\u00e9tiques. <\/p>\n\n\n\n<p>Une fois ta table coll\u00e9e et s\u00e8che, j&rsquo;ai donc enlev\u00e9e les vis une par une pour repercer les emplacements. Les per\u00e7ages sont fait \u00e0 la visseuse \u00e0 batterie en per\u00e7ant de plus en plus gros, avec un scotch sur les for\u00eats pour ne pas percer trop loin. L&rsquo;id\u00e9e de percer en plusieurs fois est d&rsquo;\u00e9viter d&rsquo;arracher le bois et donc d&rsquo;avoir un per\u00e7age beaucoup plus propre. Le trou de vis sert au guidage du premier per\u00e7age. <\/p>\n\n\n\n<p>Une fois perc\u00e9 assez grand, la cheville est rentr\u00e9e en force au <a href=\"https:\/\/zeutelier.fr\/?p=564\">maillet<\/a> avec de la colle \u00e0 bois. J&rsquo;ai utilis\u00e9 de la cheville en h\u00eatre de 8 (surtout parce que j&rsquo;ai quelques m\u00e8tres dans l&rsquo;atelier). A noter que pour faciliter l&rsquo;introduction de la cheville, je l&rsquo;ai chanfrein\u00e9e grossi\u00e8rement avec du papier de verre. <\/p>\n\n\n\n<figure class=\"wp-block-image size-full\"><img loading=\"lazy\" decoding=\"async\" width=\"1024\" height=\"768\" src=\"https:\/\/zeutelier.fr\/wp-content\/uploads\/2023\/10\/table-ZZ-4.jpg\" alt=\"\" class=\"wp-image-6579\" srcset=\"https:\/\/zeutelier.fr\/wp-content\/uploads\/2023\/10\/table-ZZ-4.jpg 1024w, https:\/\/zeutelier.fr\/wp-content\/uploads\/2023\/10\/table-ZZ-4-300x225.jpg 300w, https:\/\/zeutelier.fr\/wp-content\/uploads\/2023\/10\/table-ZZ-4-768x576.jpg 768w\" sizes=\"auto, (max-width: 1024px) 100vw, 1024px\" \/><\/figure>\n\n\n\n<p>Apr\u00e8s avoir laiss\u00e9 s\u00e9cher le tout, j&rsquo;ai aras\u00e9 les chevilles \u00e0 la scie japonaise et au ciseau \u00e0 bois. Un coup de ponceuse rapide permet de retrouver une surface pr\u00eate pour le vernis. <\/p>\n\n\n\n<figure class=\"wp-block-image size-full\"><img loading=\"lazy\" decoding=\"async\" width=\"1024\" height=\"768\" src=\"https:\/\/zeutelier.fr\/wp-content\/uploads\/2023\/10\/table-ZZ-6.jpg\" alt=\"\" class=\"wp-image-6581\" srcset=\"https:\/\/zeutelier.fr\/wp-content\/uploads\/2023\/10\/table-ZZ-6.jpg 1024w, https:\/\/zeutelier.fr\/wp-content\/uploads\/2023\/10\/table-ZZ-6-300x225.jpg 300w, https:\/\/zeutelier.fr\/wp-content\/uploads\/2023\/10\/table-ZZ-6-768x576.jpg 768w\" sizes=\"auto, (max-width: 1024px) 100vw, 1024px\" \/><figcaption class=\"wp-element-caption\">Les chevilles sur le plateau de la table basse<\/figcaption><\/figure>\n\n\n\n<figure class=\"wp-block-image size-full is-resized\"><img loading=\"lazy\" decoding=\"async\" width=\"768\" height=\"1024\" src=\"https:\/\/zeutelier.fr\/wp-content\/uploads\/2023\/10\/table-ZZ-7-rotated.jpg\" alt=\"\" class=\"wp-image-6582\" style=\"aspect-ratio:0.75;width:900px;height:auto\" srcset=\"https:\/\/zeutelier.fr\/wp-content\/uploads\/2023\/10\/table-ZZ-7-rotated.jpg 768w, https:\/\/zeutelier.fr\/wp-content\/uploads\/2023\/10\/table-ZZ-7-225x300.jpg 225w\" sizes=\"auto, (max-width: 768px) 100vw, 768px\" \/><figcaption class=\"wp-element-caption\">Les chevilles qui permettent de tenir les renforts<\/figcaption><\/figure>\n\n\n\n<p>Pour la finition j&rsquo;ai choisi d&rsquo;utiliser du vernis couleur Ch\u00eane dor\u00e9 sur une couche, suivi de deux couches de vernis transparent sp\u00e9cial cuisine de la m\u00eame marque. Les deux vernis sont des vernis acryliques, largement suffisant en terme de duret\u00e9 pour cette utilisation. J&rsquo;ai tout de m\u00eame du me r\u00e9fugier \u00e0 la cave pour retrouver des conditions d&rsquo;application plus adapt\u00e9es : il devait faire un bon 40\u00b0C dans l&rsquo;atelier.<\/p>\n\n\n\n<figure class=\"wp-block-image size-full\"><img loading=\"lazy\" decoding=\"async\" width=\"768\" height=\"1024\" src=\"https:\/\/zeutelier.fr\/wp-content\/uploads\/2023\/10\/table-ZZ-8-rotated.jpg\" alt=\"\" class=\"wp-image-6583\" srcset=\"https:\/\/zeutelier.fr\/wp-content\/uploads\/2023\/10\/table-ZZ-8-rotated.jpg 768w, https:\/\/zeutelier.fr\/wp-content\/uploads\/2023\/10\/table-ZZ-8-225x300.jpg 225w\" sizes=\"auto, (max-width: 768px) 100vw, 768px\" \/><\/figure>\n\n\n\n<p>Apr\u00e8s avoir ajout\u00e9 des tampons de feutre sous la table, il ne reste plus qu&rsquo;\u00e0 la mettre en place et v\u00e9rifier que tout va bien !<\/p>\n\n\n\n<figure class=\"wp-block-image size-full\"><img loading=\"lazy\" decoding=\"async\" width=\"988\" height=\"768\" src=\"https:\/\/zeutelier.fr\/wp-content\/uploads\/2023\/11\/tablea-ZZ-1.jpg\" alt=\"\" class=\"wp-image-6636\" srcset=\"https:\/\/zeutelier.fr\/wp-content\/uploads\/2023\/11\/tablea-ZZ-1.jpg 988w, https:\/\/zeutelier.fr\/wp-content\/uploads\/2023\/11\/tablea-ZZ-1-300x233.jpg 300w, https:\/\/zeutelier.fr\/wp-content\/uploads\/2023\/11\/tablea-ZZ-1-768x597.jpg 768w\" sizes=\"auto, (max-width: 988px) 100vw, 988px\" \/><\/figure>\n\n\n\n<figure class=\"wp-block-image size-full\"><img loading=\"lazy\" decoding=\"async\" width=\"768\" height=\"1024\" src=\"https:\/\/zeutelier.fr\/wp-content\/uploads\/2023\/11\/tablea-ZZ-2-rotated.jpg\" alt=\"\" class=\"wp-image-6637\" srcset=\"https:\/\/zeutelier.fr\/wp-content\/uploads\/2023\/11\/tablea-ZZ-2-rotated.jpg 768w, https:\/\/zeutelier.fr\/wp-content\/uploads\/2023\/11\/tablea-ZZ-2-225x300.jpg 225w\" sizes=\"auto, (max-width: 768px) 100vw, 768px\" \/><\/figure>\n\n\n\n<p>Apr\u00e8s quelques temps d&rsquo;utilisation, la table basse rend parfaitement son office, aussi bien pour y poser une bi\u00e8re, que des grignotes ou un livre.<\/p>\n\n\n\n<hr class=\"wp-block-separator has-text-color has-gray-color has-alpha-channel-opacity has-gray-background-color has-background is-style-wide\" style=\"margin-top:var(--wp--preset--spacing--20);margin-bottom:var(--wp--preset--spacing--20)\"\/>\n\n\n\n<h2 class=\"wp-block-heading\">T\u00e9l\u00e9charger les plans de la table :<\/h2>\n\n\n\n<ul class=\"wp-block-list\">\n<li><a href=\"https:\/\/zeutelier.fr\/wp-content\/uploads\/2023\/10\/plan-plateau.pdf\">Les plateaux <\/a><\/li>\n\n\n\n<li><a href=\"https:\/\/zeutelier.fr\/wp-content\/uploads\/2023\/10\/plan-renfort.pdf\">Les renforts<\/a><\/li>\n\n\n\n<li><a href=\"https:\/\/zeutelier.fr\/wp-content\/uploads\/2023\/10\/plan-pied.pdf\">Le pied central<\/a><\/li>\n<\/ul>\n\n\n\n<hr class=\"wp-block-separator has-text-color has-gray-color has-alpha-channel-opacity has-gray-background-color has-background is-style-wide\"\/>\n\n\n\n<p><em>Liste de l&rsquo;outillage  utilis\u00e9 (liens d&rsquo;affiliation &#8211; <a href=\"https:\/\/zeutelier.fr\/?page_id=6571\" target=\"_blank\" rel=\"noreferrer noopener\">Qu&rsquo;est-ce que c&rsquo;est ?<\/a>) :<\/em><\/p>\n\n\n\n<ul class=\"wp-block-list\">\n<li><a href=\"https:\/\/tidd.ly\/3SdYXOr\" target=\"_blank\" rel=\"noreferrer noopener\">Visseuse (Equivalent)<\/a><\/li>\n\n\n\n<li><a href=\"https:\/\/tidd.ly\/4aJgoxo\" target=\"_blank\" rel=\"noreferrer noopener\">Scie circulaire (Equivalent)<\/a><\/li>\n\n\n\n<li><a href=\"https:\/\/tidd.ly\/4207OXi\" target=\"_blank\" rel=\"noreferrer noopener\">Scie \u00e0 onglet<\/a><\/li>\n\n\n\n<li><a href=\"https:\/\/tidd.ly\/41V0wnv\" target=\"_blank\" rel=\"noreferrer noopener\">Perceuse \u00e0 colonne<\/a><\/li>\n\n\n\n<li><a href=\"https:\/\/tidd.ly\/41VUW4e\" target=\"_blank\" rel=\"noreferrer noopener\">Ponceuse<\/a><\/li>\n\n\n\n<li><a href=\"https:\/\/tidd.ly\/4aVrfVe\" target=\"_blank\" rel=\"noreferrer noopener\">Scie japonaise<\/a><\/li>\n\n\n\n<li><a href=\"https:\/\/tidd.ly\/3RXAlYN\" target=\"_blank\" rel=\"noreferrer noopener\">R\u00e9glet<\/a><\/li>\n\n\n\n<li><a href=\"https:\/\/tidd.ly\/3tPWqR3\">\u00c9q<\/a><a href=\"https:\/\/tidd.ly\/3tPWqR3\" target=\"_blank\" rel=\"noreferrer noopener\">u<\/a><a href=\"https:\/\/tidd.ly\/3tPWqR3\">erre<\/a><\/li>\n\n\n\n<li><a href=\"https:\/\/tidd.ly\/3HiChpM\" target=\"_blank\" rel=\"noreferrer noopener\">R\u00e8gle de ma\u00e7on (Equivalent)<\/a><\/li>\n\n\n\n<li><a href=\"https:\/\/tidd.ly\/48Lnu2w\" target=\"_blank\" rel=\"noreferrer noopener\">\u00c9querre combin\u00e9e (Equivalent)<\/a><\/li>\n\n\n\n<li><a href=\"https:\/\/tidd.ly\/3Sf20FR\" target=\"_blank\" rel=\"noreferrer noopener\">Serre joint<\/a><\/li>\n<\/ul>\n\n\n\n<hr class=\"wp-block-separator has-text-color has-gray-color has-alpha-channel-opacity has-gray-background-color has-background is-style-wide\"\/>\n\n\n\n<p><mark class=\"annotation-text annotation-text-yoast\" id=\"annotation-text-d4d7648c-52fe-4e6c-9414-6ef58298119a\"><\/mark><\/p>\n","protected":false},"excerpt":{"rendered":"<p>Nous avons dans notre salon deux fauteuil auquel il manque une table pour poser divers objets du quotidien : bi\u00e8res, g\u00e2teaux ap\u00e9ros, livres &#8230; Apr\u00e8s [&#8230;]<\/p>\n","protected":false},"author":1,"featured_media":6640,"comment_status":"open","ping_status":"open","sticky":false,"template":"","format":"standard","meta":{"footnotes":""},"categories":[3,5],"tags":[13,37,65],"class_list":["post-6575","post","type-post","status-publish","format-standard","has-post-thumbnail","hentry","category-la-deco","category-le-bois","tag-bois","tag-meuble","tag-table-basse"],"yoast_head":"<!-- This site is optimized with the Yoast SEO plugin v27.5 - https:\/\/yoast.com\/product\/yoast-seo-wordpress\/ -->\n<title>Une table basse en ch\u00eane - Zeutelier<\/title>\n<meta name=\"description\" content=\"Fabrication d&#039;une table basse en ch\u00eane en forme de Z pour le salon. Assemblage par chevilles. Plans inclus.\" \/>\n<meta name=\"robots\" content=\"index, follow, max-snippet:-1, max-image-preview:large, max-video-preview:-1\" \/>\n<link rel=\"canonical\" href=\"https:\/\/zeutelier.fr\/?p=6575\" \/>\n<meta property=\"og:locale\" content=\"fr_FR\" \/>\n<meta property=\"og:type\" content=\"article\" \/>\n<meta property=\"og:title\" content=\"Une table basse en ch\u00eane - Zeutelier\" \/>\n<meta property=\"og:description\" content=\"Fabrication d&#039;une table basse en ch\u00eane en forme de Z pour le salon. Assemblage par chevilles. Plans inclus.\" \/>\n<meta property=\"og:url\" content=\"https:\/\/zeutelier.fr\/?p=6575\" \/>\n<meta property=\"og:site_name\" content=\"Zeutelier\" \/>\n<meta property=\"article:publisher\" content=\"https:\/\/www.facebook.com\/zeutelier\/\" \/>\n<meta property=\"article:author\" content=\"https:\/\/www.facebook.com\/zeutelier\" \/>\n<meta property=\"article:published_time\" content=\"2023-11-01T19:39:43+00:00\" \/>\n<meta property=\"article:modified_time\" content=\"2024-01-14T17:47:33+00:00\" \/>\n<meta property=\"og:image\" content=\"https:\/\/zeutelier.fr\/wp-content\/uploads\/2023\/11\/tablea-Z.jpg\" \/>\n\t<meta property=\"og:image:width\" content=\"1024\" \/>\n\t<meta property=\"og:image:height\" content=\"768\" \/>\n\t<meta property=\"og:image:type\" content=\"image\/jpeg\" \/>\n<meta name=\"author\" content=\"Zeutelier\" \/>\n<meta name=\"twitter:card\" content=\"summary_large_image\" \/>\n<meta name=\"twitter:label1\" content=\"\u00c9crit par\" \/>\n\t<meta name=\"twitter:data1\" content=\"Zeutelier\" \/>\n\t<meta name=\"twitter:label2\" content=\"Dur\u00e9e de lecture estim\u00e9e\" \/>\n\t<meta name=\"twitter:data2\" content=\"7 minutes\" \/>\n<script type=\"application\/ld+json\" class=\"yoast-schema-graph\">{\"@context\":\"https:\\\/\\\/schema.org\",\"@graph\":[{\"@type\":\"Article\",\"@id\":\"https:\\\/\\\/zeutelier.fr\\\/?p=6575#article\",\"isPartOf\":{\"@id\":\"https:\\\/\\\/zeutelier.fr\\\/?p=6575\"},\"author\":{\"name\":\"Zeutelier\",\"@id\":\"https:\\\/\\\/zeutelier.fr\\\/#\\\/schema\\\/person\\\/9a2e3ecb81c2e997a22dbd659d946bcb\"},\"headline\":\"Une table basse en ch\u00eane\",\"datePublished\":\"2023-11-01T19:39:43+00:00\",\"dateModified\":\"2024-01-14T17:47:33+00:00\",\"mainEntityOfPage\":{\"@id\":\"https:\\\/\\\/zeutelier.fr\\\/?p=6575\"},\"wordCount\":856,\"commentCount\":0,\"publisher\":{\"@id\":\"https:\\\/\\\/zeutelier.fr\\\/#organization\"},\"image\":{\"@id\":\"https:\\\/\\\/zeutelier.fr\\\/?p=6575#primaryimage\"},\"thumbnailUrl\":\"https:\\\/\\\/zeutelier.fr\\\/wp-content\\\/uploads\\\/2023\\\/11\\\/tablea-Z.jpg\",\"keywords\":[\"bois\",\"meuble\",\"table basse\"],\"articleSection\":[\"La d\u00e9co\",\"Le bois\"],\"inLanguage\":\"fr-FR\",\"potentialAction\":[{\"@type\":\"CommentAction\",\"name\":\"Comment\",\"target\":[\"https:\\\/\\\/zeutelier.fr\\\/?p=6575#respond\"]}]},{\"@type\":\"WebPage\",\"@id\":\"https:\\\/\\\/zeutelier.fr\\\/?p=6575\",\"url\":\"https:\\\/\\\/zeutelier.fr\\\/?p=6575\",\"name\":\"Une table basse en ch\u00eane - Zeutelier\",\"isPartOf\":{\"@id\":\"https:\\\/\\\/zeutelier.fr\\\/#website\"},\"primaryImageOfPage\":{\"@id\":\"https:\\\/\\\/zeutelier.fr\\\/?p=6575#primaryimage\"},\"image\":{\"@id\":\"https:\\\/\\\/zeutelier.fr\\\/?p=6575#primaryimage\"},\"thumbnailUrl\":\"https:\\\/\\\/zeutelier.fr\\\/wp-content\\\/uploads\\\/2023\\\/11\\\/tablea-Z.jpg\",\"datePublished\":\"2023-11-01T19:39:43+00:00\",\"dateModified\":\"2024-01-14T17:47:33+00:00\",\"description\":\"Fabrication d'une table basse en ch\u00eane en forme de Z pour le salon. Assemblage par chevilles. Plans inclus.\",\"breadcrumb\":{\"@id\":\"https:\\\/\\\/zeutelier.fr\\\/?p=6575#breadcrumb\"},\"inLanguage\":\"fr-FR\",\"potentialAction\":[{\"@type\":\"ReadAction\",\"target\":[\"https:\\\/\\\/zeutelier.fr\\\/?p=6575\"]}]},{\"@type\":\"ImageObject\",\"inLanguage\":\"fr-FR\",\"@id\":\"https:\\\/\\\/zeutelier.fr\\\/?p=6575#primaryimage\",\"url\":\"https:\\\/\\\/zeutelier.fr\\\/wp-content\\\/uploads\\\/2023\\\/11\\\/tablea-Z.jpg\",\"contentUrl\":\"https:\\\/\\\/zeutelier.fr\\\/wp-content\\\/uploads\\\/2023\\\/11\\\/tablea-Z.jpg\",\"width\":1024,\"height\":768},{\"@type\":\"BreadcrumbList\",\"@id\":\"https:\\\/\\\/zeutelier.fr\\\/?p=6575#breadcrumb\",\"itemListElement\":[{\"@type\":\"ListItem\",\"position\":1,\"name\":\"Accueil\",\"item\":\"https:\\\/\\\/zeutelier.fr\\\/\"},{\"@type\":\"ListItem\",\"position\":2,\"name\":\"Une table basse en ch\u00eane\"}]},{\"@type\":\"WebSite\",\"@id\":\"https:\\\/\\\/zeutelier.fr\\\/#website\",\"url\":\"https:\\\/\\\/zeutelier.fr\\\/\",\"name\":\"Zeutelier\",\"description\":\"L&#039;art de fabriquer des trucs avec n&#039;importe quoi\",\"publisher\":{\"@id\":\"https:\\\/\\\/zeutelier.fr\\\/#organization\"},\"alternateName\":\"Zeu'telier\",\"potentialAction\":[{\"@type\":\"SearchAction\",\"target\":{\"@type\":\"EntryPoint\",\"urlTemplate\":\"https:\\\/\\\/zeutelier.fr\\\/?s={search_term_string}\"},\"query-input\":{\"@type\":\"PropertyValueSpecification\",\"valueRequired\":true,\"valueName\":\"search_term_string\"}}],\"inLanguage\":\"fr-FR\"},{\"@type\":\"Organization\",\"@id\":\"https:\\\/\\\/zeutelier.fr\\\/#organization\",\"name\":\"zeutelier\",\"url\":\"https:\\\/\\\/zeutelier.fr\\\/\",\"logo\":{\"@type\":\"ImageObject\",\"inLanguage\":\"fr-FR\",\"@id\":\"https:\\\/\\\/zeutelier.fr\\\/#\\\/schema\\\/logo\\\/image\\\/\",\"url\":\"https:\\\/\\\/zeutelier.fr\\\/wp-content\\\/uploads\\\/2023\\\/09\\\/logo2.jpg\",\"contentUrl\":\"https:\\\/\\\/zeutelier.fr\\\/wp-content\\\/uploads\\\/2023\\\/09\\\/logo2.jpg\",\"width\":800,\"height\":800,\"caption\":\"zeutelier\"},\"image\":{\"@id\":\"https:\\\/\\\/zeutelier.fr\\\/#\\\/schema\\\/logo\\\/image\\\/\"},\"sameAs\":[\"https:\\\/\\\/www.facebook.com\\\/zeutelier\\\/\",\"https:\\\/\\\/www.pinterest.fr\\\/zeutelier\\\/\"]},{\"@type\":\"Person\",\"@id\":\"https:\\\/\\\/zeutelier.fr\\\/#\\\/schema\\\/person\\\/9a2e3ecb81c2e997a22dbd659d946bcb\",\"name\":\"Zeutelier\",\"image\":{\"@type\":\"ImageObject\",\"inLanguage\":\"fr-FR\",\"@id\":\"https:\\\/\\\/secure.gravatar.com\\\/avatar\\\/909277dc03d220167a035e627a59b102b518290d0abaf0d584f3bb1692d3d0cf?s=96&r=g\",\"url\":\"https:\\\/\\\/secure.gravatar.com\\\/avatar\\\/909277dc03d220167a035e627a59b102b518290d0abaf0d584f3bb1692d3d0cf?s=96&r=g\",\"contentUrl\":\"https:\\\/\\\/secure.gravatar.com\\\/avatar\\\/909277dc03d220167a035e627a59b102b518290d0abaf0d584f3bb1692d3d0cf?s=96&r=g\",\"caption\":\"Zeutelier\"},\"sameAs\":[\"http:\\\/\\\/zeutelier.fr\",\"https:\\\/\\\/www.facebook.com\\\/zeutelier\",\"https:\\\/\\\/fr.pinterest.com\\\/zeutelier\"],\"url\":\"https:\\\/\\\/zeutelier.fr\\\/?author=1\"}]}<\/script>\n<!-- \/ Yoast SEO plugin. -->","yoast_head_json":{"title":"Une table basse en ch\u00eane - Zeutelier","description":"Fabrication d'une table basse en ch\u00eane en forme de Z pour le salon. Assemblage par chevilles. Plans inclus.","robots":{"index":"index","follow":"follow","max-snippet":"max-snippet:-1","max-image-preview":"max-image-preview:large","max-video-preview":"max-video-preview:-1"},"canonical":"https:\/\/zeutelier.fr\/?p=6575","og_locale":"fr_FR","og_type":"article","og_title":"Une table basse en ch\u00eane - Zeutelier","og_description":"Fabrication d'une table basse en ch\u00eane en forme de Z pour le salon. Assemblage par chevilles. Plans inclus.","og_url":"https:\/\/zeutelier.fr\/?p=6575","og_site_name":"Zeutelier","article_publisher":"https:\/\/www.facebook.com\/zeutelier\/","article_author":"https:\/\/www.facebook.com\/zeutelier","article_published_time":"2023-11-01T19:39:43+00:00","article_modified_time":"2024-01-14T17:47:33+00:00","og_image":[{"width":1024,"height":768,"url":"https:\/\/zeutelier.fr\/wp-content\/uploads\/2023\/11\/tablea-Z.jpg","type":"image\/jpeg"}],"author":"Zeutelier","twitter_card":"summary_large_image","twitter_misc":{"\u00c9crit par":"Zeutelier","Dur\u00e9e de lecture estim\u00e9e":"7 minutes"},"schema":{"@context":"https:\/\/schema.org","@graph":[{"@type":"Article","@id":"https:\/\/zeutelier.fr\/?p=6575#article","isPartOf":{"@id":"https:\/\/zeutelier.fr\/?p=6575"},"author":{"name":"Zeutelier","@id":"https:\/\/zeutelier.fr\/#\/schema\/person\/9a2e3ecb81c2e997a22dbd659d946bcb"},"headline":"Une table basse en ch\u00eane","datePublished":"2023-11-01T19:39:43+00:00","dateModified":"2024-01-14T17:47:33+00:00","mainEntityOfPage":{"@id":"https:\/\/zeutelier.fr\/?p=6575"},"wordCount":856,"commentCount":0,"publisher":{"@id":"https:\/\/zeutelier.fr\/#organization"},"image":{"@id":"https:\/\/zeutelier.fr\/?p=6575#primaryimage"},"thumbnailUrl":"https:\/\/zeutelier.fr\/wp-content\/uploads\/2023\/11\/tablea-Z.jpg","keywords":["bois","meuble","table basse"],"articleSection":["La d\u00e9co","Le bois"],"inLanguage":"fr-FR","potentialAction":[{"@type":"CommentAction","name":"Comment","target":["https:\/\/zeutelier.fr\/?p=6575#respond"]}]},{"@type":"WebPage","@id":"https:\/\/zeutelier.fr\/?p=6575","url":"https:\/\/zeutelier.fr\/?p=6575","name":"Une table basse en ch\u00eane - Zeutelier","isPartOf":{"@id":"https:\/\/zeutelier.fr\/#website"},"primaryImageOfPage":{"@id":"https:\/\/zeutelier.fr\/?p=6575#primaryimage"},"image":{"@id":"https:\/\/zeutelier.fr\/?p=6575#primaryimage"},"thumbnailUrl":"https:\/\/zeutelier.fr\/wp-content\/uploads\/2023\/11\/tablea-Z.jpg","datePublished":"2023-11-01T19:39:43+00:00","dateModified":"2024-01-14T17:47:33+00:00","description":"Fabrication d'une table basse en ch\u00eane en forme de Z pour le salon. Assemblage par chevilles. Plans inclus.","breadcrumb":{"@id":"https:\/\/zeutelier.fr\/?p=6575#breadcrumb"},"inLanguage":"fr-FR","potentialAction":[{"@type":"ReadAction","target":["https:\/\/zeutelier.fr\/?p=6575"]}]},{"@type":"ImageObject","inLanguage":"fr-FR","@id":"https:\/\/zeutelier.fr\/?p=6575#primaryimage","url":"https:\/\/zeutelier.fr\/wp-content\/uploads\/2023\/11\/tablea-Z.jpg","contentUrl":"https:\/\/zeutelier.fr\/wp-content\/uploads\/2023\/11\/tablea-Z.jpg","width":1024,"height":768},{"@type":"BreadcrumbList","@id":"https:\/\/zeutelier.fr\/?p=6575#breadcrumb","itemListElement":[{"@type":"ListItem","position":1,"name":"Accueil","item":"https:\/\/zeutelier.fr\/"},{"@type":"ListItem","position":2,"name":"Une table basse en ch\u00eane"}]},{"@type":"WebSite","@id":"https:\/\/zeutelier.fr\/#website","url":"https:\/\/zeutelier.fr\/","name":"Zeutelier","description":"L&#039;art de fabriquer des trucs avec n&#039;importe quoi","publisher":{"@id":"https:\/\/zeutelier.fr\/#organization"},"alternateName":"Zeu'telier","potentialAction":[{"@type":"SearchAction","target":{"@type":"EntryPoint","urlTemplate":"https:\/\/zeutelier.fr\/?s={search_term_string}"},"query-input":{"@type":"PropertyValueSpecification","valueRequired":true,"valueName":"search_term_string"}}],"inLanguage":"fr-FR"},{"@type":"Organization","@id":"https:\/\/zeutelier.fr\/#organization","name":"zeutelier","url":"https:\/\/zeutelier.fr\/","logo":{"@type":"ImageObject","inLanguage":"fr-FR","@id":"https:\/\/zeutelier.fr\/#\/schema\/logo\/image\/","url":"https:\/\/zeutelier.fr\/wp-content\/uploads\/2023\/09\/logo2.jpg","contentUrl":"https:\/\/zeutelier.fr\/wp-content\/uploads\/2023\/09\/logo2.jpg","width":800,"height":800,"caption":"zeutelier"},"image":{"@id":"https:\/\/zeutelier.fr\/#\/schema\/logo\/image\/"},"sameAs":["https:\/\/www.facebook.com\/zeutelier\/","https:\/\/www.pinterest.fr\/zeutelier\/"]},{"@type":"Person","@id":"https:\/\/zeutelier.fr\/#\/schema\/person\/9a2e3ecb81c2e997a22dbd659d946bcb","name":"Zeutelier","image":{"@type":"ImageObject","inLanguage":"fr-FR","@id":"https:\/\/secure.gravatar.com\/avatar\/909277dc03d220167a035e627a59b102b518290d0abaf0d584f3bb1692d3d0cf?s=96&r=g","url":"https:\/\/secure.gravatar.com\/avatar\/909277dc03d220167a035e627a59b102b518290d0abaf0d584f3bb1692d3d0cf?s=96&r=g","contentUrl":"https:\/\/secure.gravatar.com\/avatar\/909277dc03d220167a035e627a59b102b518290d0abaf0d584f3bb1692d3d0cf?s=96&r=g","caption":"Zeutelier"},"sameAs":["http:\/\/zeutelier.fr","https:\/\/www.facebook.com\/zeutelier","https:\/\/fr.pinterest.com\/zeutelier"],"url":"https:\/\/zeutelier.fr\/?author=1"}]}},"_links":{"self":[{"href":"https:\/\/zeutelier.fr\/index.php?rest_route=\/wp\/v2\/posts\/6575","targetHints":{"allow":["GET"]}}],"collection":[{"href":"https:\/\/zeutelier.fr\/index.php?rest_route=\/wp\/v2\/posts"}],"about":[{"href":"https:\/\/zeutelier.fr\/index.php?rest_route=\/wp\/v2\/types\/post"}],"author":[{"embeddable":true,"href":"https:\/\/zeutelier.fr\/index.php?rest_route=\/wp\/v2\/users\/1"}],"replies":[{"embeddable":true,"href":"https:\/\/zeutelier.fr\/index.php?rest_route=%2Fwp%2Fv2%2Fcomments&post=6575"}],"version-history":[{"count":14,"href":"https:\/\/zeutelier.fr\/index.php?rest_route=\/wp\/v2\/posts\/6575\/revisions"}],"predecessor-version":[{"id":6866,"href":"https:\/\/zeutelier.fr\/index.php?rest_route=\/wp\/v2\/posts\/6575\/revisions\/6866"}],"wp:featuredmedia":[{"embeddable":true,"href":"https:\/\/zeutelier.fr\/index.php?rest_route=\/wp\/v2\/media\/6640"}],"wp:attachment":[{"href":"https:\/\/zeutelier.fr\/index.php?rest_route=%2Fwp%2Fv2%2Fmedia&parent=6575"}],"wp:term":[{"taxonomy":"category","embeddable":true,"href":"https:\/\/zeutelier.fr\/index.php?rest_route=%2Fwp%2Fv2%2Fcategories&post=6575"},{"taxonomy":"post_tag","embeddable":true,"href":"https:\/\/zeutelier.fr\/index.php?rest_route=%2Fwp%2Fv2%2Ftags&post=6575"}],"curies":[{"name":"wp","href":"https:\/\/api.w.org\/{rel}","templated":true}]}}