{"id":1203,"date":"2020-11-05T09:28:00","date_gmt":"2020-11-05T08:28:00","guid":{"rendered":"http:\/\/zeutelier.free.fr\/?p=1203"},"modified":"2024-01-14T18:41:00","modified_gmt":"2024-01-14T17:41:00","slug":"support-de-guitare-basse","status":"publish","type":"post","link":"https:\/\/zeutelier.fr\/?p=1203","title":{"rendered":"Support de guitare basse"},"content":{"rendered":"\n<p>Il y a un plus de deux ans, je me suis mis \u00e0 la basse. Avant de se lancer dans la fabrication ou la personnalisation de ma basse (c&rsquo;est au programme &#8230; Un jour), j&rsquo;ai commenc\u00e9 par me fabriquer un support de guitare.<\/p>\n\n\n\n<p>Il faut savoir qu&rsquo;un support de guitare \/ basse se trouve pour une dizaine d&rsquo;euros sur Amazon (<a href=\"https:\/\/www.amazon.fr\/s?k=pied+guitare&amp;i=mi&amp;__mk_fr_FR=%C3%85M%C3%85%C5%BD%C3%95%C3%91&amp;ref=nb_sb_noss_2\" target=\"_blank\" rel=\"noopener noreferrer\">par exemple<\/a>). Mais \u00e0 choisir entre un truc en plastique Made In China de marque \u00e0-pas-cher et un support en bois fait main et unique, le choix est vite fait.<\/p>\n\n\n\n<p>Avant de rentrer dans le vif sur sujet, je pr\u00e9cise qu&rsquo;entre le d\u00e9but du projet et la fin, il s&rsquo;est pass\u00e9 plus d&rsquo;un an, avec un d\u00e9m\u00e9nagement au milieu. Si vous voyez des grosses modifications de l&rsquo;environnement entre les premi\u00e8res photos et les derni\u00e8res, c&rsquo;est donc normal (entre autres, <a href=\"https:\/\/zeutelier.fr\/?p=1181\" target=\"_blank\" rel=\"noopener noreferrer\">l&rsquo;\u00e9tabli<\/a>).<\/p>\n\n\n\n<h2 class=\"wp-block-heading\"> Fabrication d&rsquo;un support pour ma basse <\/h2>\n\n\n\n<p>La premi\u00e8re chose que j&rsquo;ai fait lorsque je me suis lanc\u00e9 dans le projet a \u00e9t\u00e9 de sortir un bout de feuille et des crayons. L&rsquo;id\u00e9e est de savoir o\u00f9 je voulais aller avant de partir dans tous les sens. <\/p>\n\n\n\n<p>Au menu, des courbes dans tous les sens et des angles un peu b\u00e2tards qui se croisent. Un peu comme une <a href=\"https:\/\/zeutelier.fr\/?p=1300\" target=\"_blank\" rel=\"noreferrer noopener\" aria-label=\"cl\u00e9 de sol (s\u2019ouvre dans un nouvel onglet)\">cl\u00e9 de sol<\/a> &#8230; de loin dans le brouillard, m&rsquo;voyez ? Et puis apr\u00e8s tout, pourquoi faire simple quand on peut faire compliqu\u00e9 ?<\/p>\n\n\n\n<figure class=\"wp-block-image size-full\"><img loading=\"lazy\" decoding=\"async\" width=\"1310\" height=\"2328\" src=\"https:\/\/zeutelier.fr\/wp-content\/uploads\/2020\/05\/DSC_0850-1.jpg\" alt=\"croquis de base pour support de guitare\" class=\"wp-image-6215\"\/><figcaption class=\"wp-element-caption\">\u00e7a c&rsquo;est l&rsquo;une des id\u00e9es de d\u00e9part<\/figcaption><\/figure>\n\n\n\n<p><em>Bon malheureusement, je n&rsquo;ai pas retrouv\u00e9 tous mes croquis d&rsquo;origine. Ils sont certainement dans mon ancien cahier de note &#8230; qui a du finir \u00e0 la poubelle dans le d\u00e9m\u00e9nagement. Et \u00e7a me fait bien chier.<\/em> <em>Donc voil\u00e0 une photo de chaton pour me faire pardonner<\/em><\/p>\n\n\n\n<figure class=\"wp-block-image size-full\"><img loading=\"lazy\" decoding=\"async\" width=\"615\" height=\"460\" src=\"https:\/\/zeutelier.fr\/wp-content\/uploads\/2020\/03\/kitt.jpg\" alt=\"\" class=\"wp-image-6134\" srcset=\"https:\/\/zeutelier.fr\/wp-content\/uploads\/2020\/03\/kitt.jpg 615w, https:\/\/zeutelier.fr\/wp-content\/uploads\/2020\/03\/kitt-300x224.jpg 300w\" sizes=\"auto, (max-width: 615px) 100vw, 615px\" \/><figcaption class=\"wp-element-caption\">d\u00e9sol\u00e9 &#8230;<\/figcaption><\/figure>\n\n\n\n<p>Entre le dessin plus haut et la version finale, j&rsquo;ai entre autres choisi de retourner la partie verticale pour plus de stabilit\u00e9. Et modifier l&rsquo;inclinaison de la partie basse &#8230;<\/p>\n\n\n\n<p>Une fois le design g\u00e9n\u00e9ral d\u00e9fini, j&rsquo;ai pris quelques cotes sur mon dessin afin de pouvoir le reproduire sur le bois. Je n&rsquo;ai pas cherch\u00e9 \u00e0 reproduire les courbes \u00e0 l&rsquo;identique mais juste \u00e0 positionner quelques points pr\u00e9cis\u00e9ment pour recr\u00e9er le dessin complet dans un deuxi\u00e8me temps. <\/p>\n\n\n\n<p>Le bois provient de chutes de planches en pin restant de la <a rel=\"noreferrer noopener\" aria-label=\" (s\u2019ouvre dans un nouvel onglet)\" href=\"https:\/\/zeutelier.fr\/?p=903\" target=\"_blank\">ruche kenyane<\/a> et du <a rel=\"noreferrer noopener\" aria-label=\"coffre \u00e0 jouet (s\u2019ouvre dans un nouvel onglet)\" href=\"https:\/\/zeutelier.fr\/?p=577\" target=\"_blank\">coffre \u00e0 jouet<\/a>. J&rsquo;avais pr\u00e9vu d&rsquo;utiliser le m\u00eame bois partout mais je suis tomb\u00e9 \u00e0 cours donc j&rsquo;ai du improviser pour la partie basse.<\/p>\n\n\n\n<figure class=\"wp-block-image size-large\"><img loading=\"lazy\" decoding=\"async\" width=\"768\" height=\"1024\" src=\"https:\/\/zeutelier.fr\/wp-content\/uploads\/2019\/12\/DSC01269-Copie-768x1024.jpg\" alt=\"\" class=\"wp-image-6119\" srcset=\"https:\/\/zeutelier.fr\/wp-content\/uploads\/2019\/12\/DSC01269-Copie-768x1024.jpg 768w, https:\/\/zeutelier.fr\/wp-content\/uploads\/2019\/12\/DSC01269-Copie-225x300.jpg 225w, https:\/\/zeutelier.fr\/wp-content\/uploads\/2019\/12\/DSC01269-Copie-1152x1536.jpg 1152w, https:\/\/zeutelier.fr\/wp-content\/uploads\/2019\/12\/DSC01269-Copie-1536x2048.jpg 1536w, https:\/\/zeutelier.fr\/wp-content\/uploads\/2019\/12\/DSC01269-Copie-1800x2400.jpg 1800w, https:\/\/zeutelier.fr\/wp-content\/uploads\/2019\/12\/DSC01269-Copie-900x1200.jpg 900w, https:\/\/zeutelier.fr\/wp-content\/uploads\/2019\/12\/DSC01269-Copie-scaled.jpg 1920w\" sizes=\"auto, (max-width: 768px) 100vw, 768px\" \/><figcaption class=\"wp-element-caption\">Quand on utilise des chutes, il faut savoir r\u00e9parer ou rattraper des d\u00e9fauts. Ici la rainure d&rsquo;assemblage des lames de parquet. <\/figcaption><\/figure>\n\n\n\n<p>Les d\u00e9coupes sont faites \u00e0 la scie sauteuse avec une lame \u00e0 dents fines pour limiter autant que possible les arrachements. <\/p>\n\n\n\n<figure class=\"wp-block-image size-large\"><img loading=\"lazy\" decoding=\"async\" width=\"768\" height=\"1024\" src=\"https:\/\/zeutelier.fr\/wp-content\/uploads\/2020\/11\/DSC01271-Copie-768x1024.jpg\" alt=\"\" class=\"wp-image-6454\" srcset=\"https:\/\/zeutelier.fr\/wp-content\/uploads\/2020\/11\/DSC01271-Copie-768x1024.jpg 768w, https:\/\/zeutelier.fr\/wp-content\/uploads\/2020\/11\/DSC01271-Copie-225x300.jpg 225w, https:\/\/zeutelier.fr\/wp-content\/uploads\/2020\/11\/DSC01271-Copie-1152x1536.jpg 1152w, https:\/\/zeutelier.fr\/wp-content\/uploads\/2020\/11\/DSC01271-Copie-1536x2048.jpg 1536w, https:\/\/zeutelier.fr\/wp-content\/uploads\/2020\/11\/DSC01271-Copie-1800x2400.jpg 1800w, https:\/\/zeutelier.fr\/wp-content\/uploads\/2020\/11\/DSC01271-Copie-900x1200.jpg 900w, https:\/\/zeutelier.fr\/wp-content\/uploads\/2020\/11\/DSC01271-Copie-scaled.jpg 1920w\" sizes=\"auto, (max-width: 768px) 100vw, 768px\" \/><\/figure>\n\n\n\n<p>Les parties inclin\u00e9es sur les \u00ab\u00a0pattes\u00a0\u00bb lat\u00e9rales sont faites \u00e0 la scie sous table.<\/p>\n\n\n\n<h2 class=\"wp-block-heading\">Le pr\u00e9-assemblage du support de guitare Basse<\/h2>\n\n\n\n<figure class=\"wp-block-image size-large\"><img loading=\"lazy\" decoding=\"async\" width=\"768\" height=\"1024\" src=\"https:\/\/zeutelier.fr\/wp-content\/uploads\/2019\/12\/DSC01274-Copie-768x1024.jpg\" alt=\"pr\u00e9-prototype de support de guitare\" class=\"wp-image-6120\" srcset=\"https:\/\/zeutelier.fr\/wp-content\/uploads\/2019\/12\/DSC01274-Copie-768x1024.jpg 768w, https:\/\/zeutelier.fr\/wp-content\/uploads\/2019\/12\/DSC01274-Copie-225x300.jpg 225w, https:\/\/zeutelier.fr\/wp-content\/uploads\/2019\/12\/DSC01274-Copie-1152x1536.jpg 1152w, https:\/\/zeutelier.fr\/wp-content\/uploads\/2019\/12\/DSC01274-Copie-1536x2048.jpg 1536w, https:\/\/zeutelier.fr\/wp-content\/uploads\/2019\/12\/DSC01274-Copie-1800x2400.jpg 1800w, https:\/\/zeutelier.fr\/wp-content\/uploads\/2019\/12\/DSC01274-Copie-900x1200.jpg 900w, https:\/\/zeutelier.fr\/wp-content\/uploads\/2019\/12\/DSC01274-Copie-scaled.jpg 1920w\" sizes=\"auto, (max-width: 768px) 100vw, 768px\" \/><figcaption class=\"wp-element-caption\">Pr\u00e9-Assemblage du support pour ma basse<\/figcaption><\/figure>\n\n\n\n<p>Le gros questionnement a \u00e9t\u00e9 surtout sur comment faire la fixation entre les pieds et la partie basse. Il faut dire que chaque pied est inclin\u00e9 \u00e0 20 degr\u00e9s par rapport \u00e0 la verticale et ouvert de 7 degr\u00e9s vers l&rsquo;avant. La partie basse penche \u00e9galement quand \u00e0 elle de 7 degr\u00e9s vers l&rsquo;avant. Le tout avec toute l\u2019impr\u00e9cision d&rsquo;un assemblage entre des planches de pin. <\/p>\n\n\n\n<p>Oui, j&rsquo;aime me compliquer la t\u00e2che.<\/p>\n\n\n\n<p>Entre la photo juste au dessus et le moment o\u00f9 j&rsquo;ai trouv\u00e9 ma solution (que j&rsquo;ai abandonn\u00e9e par la suite d&rsquo;ailleurs), il s&rsquo;est d&rsquo;ailleurs pass\u00e9 plusieurs mois. Et un d\u00e9m\u00e9nagement. <\/p>\n\n\n\n<p>J&rsquo;ai donc choisi de fixer les flancs sur la partie basse par des vis, dans l&rsquo;\u00e9paisseur du bois, avec un d\u00e9cor rapport\u00e9 pour masquer les t\u00eates. La partie int\u00e9rieure est encastr\u00e9e dans les flancs lat\u00e9raux pour faciliter le positionnement et amener un peu de rigidit\u00e9. En tout cas \u00e7a c&rsquo;\u00e9tait l&rsquo;id\u00e9e d&rsquo;origine et c&rsquo;\u00e9tait surtout l&rsquo;id\u00e9e pour pouvoir avancer et se donner la motivation pour avancer.<\/p>\n\n\n\n<h2 class=\"wp-block-heading\">La finition du support de guitare basse<\/h2>\n\n\n\n<p>Avant d&rsquo;attaquer la finition du support, j&rsquo;ai quand m\u00eame fait un montage \u00e0 blanc afin de v\u00e9rifier que la basse passait bien dedans. C&rsquo;est \u00e0 ce moment l\u00e0 que je me suis rappel\u00e9 que la bas de la basse n&rsquo;est pas sym\u00e9trique :<\/p>\n\n\n\n<figure class=\"wp-block-image size-large\"><img loading=\"lazy\" decoding=\"async\" width=\"1024\" height=\"614\" src=\"https:\/\/zeutelier.fr\/wp-content\/uploads\/2019\/12\/cort-action-bass-black-1-large-66870-1024x614.jpg\" alt=\"guitare basse Cort\" class=\"wp-image-6118\" srcset=\"https:\/\/zeutelier.fr\/wp-content\/uploads\/2019\/12\/cort-action-bass-black-1-large-66870-1024x614.jpg 1024w, https:\/\/zeutelier.fr\/wp-content\/uploads\/2019\/12\/cort-action-bass-black-1-large-66870-300x180.jpg 300w, https:\/\/zeutelier.fr\/wp-content\/uploads\/2019\/12\/cort-action-bass-black-1-large-66870-768x461.jpg 768w, https:\/\/zeutelier.fr\/wp-content\/uploads\/2019\/12\/cort-action-bass-black-1-large-66870.jpg 1500w\" sizes=\"auto, (max-width: 1024px) 100vw, 1024px\" \/><figcaption class=\"wp-element-caption\">Ma basse<\/figcaption><\/figure>\n\n\n\n<p>Quand on la voit en photo, c&rsquo;est une \u00e9vidence qu&rsquo;un support sym\u00e9trique n&rsquo;est pas adapt\u00e9 &#8230; Et ce n&rsquo;est pas faute de l&rsquo;avoir dans les mains tr\u00e8s r\u00e9guli\u00e8rement. Donc du coup la basse penche sur son support. C&rsquo;est comme \u00e7a &#8230; je dirai que c&rsquo;est fait expr\u00e8s pour s&rsquo;adapter \u00e0 mes futures basses. <\/p>\n\n\n\n<figure class=\"wp-block-image size-large\"><img loading=\"lazy\" decoding=\"async\" width=\"768\" height=\"1024\" src=\"https:\/\/zeutelier.fr\/wp-content\/uploads\/2019\/12\/DSC02074-Copie-768x1024.jpg\" alt=\"prototype de support de guitare basse\" class=\"wp-image-6121\" srcset=\"https:\/\/zeutelier.fr\/wp-content\/uploads\/2019\/12\/DSC02074-Copie-768x1024.jpg 768w, https:\/\/zeutelier.fr\/wp-content\/uploads\/2019\/12\/DSC02074-Copie-225x300.jpg 225w, https:\/\/zeutelier.fr\/wp-content\/uploads\/2019\/12\/DSC02074-Copie-1152x1536.jpg 1152w, https:\/\/zeutelier.fr\/wp-content\/uploads\/2019\/12\/DSC02074-Copie-1536x2048.jpg 1536w, https:\/\/zeutelier.fr\/wp-content\/uploads\/2019\/12\/DSC02074-Copie-1800x2400.jpg 1800w, https:\/\/zeutelier.fr\/wp-content\/uploads\/2019\/12\/DSC02074-Copie-900x1200.jpg 900w, https:\/\/zeutelier.fr\/wp-content\/uploads\/2019\/12\/DSC02074-Copie-scaled.jpg 1920w\" sizes=\"auto, (max-width: 768px) 100vw, 768px\" \/><figcaption class=\"wp-element-caption\">Juste pour se dire qu&rsquo;on va dans la bonne direction \ud83d\ude42<\/figcaption><\/figure>\n\n\n\n<p>Si vous vous posez la question, la basse est une <a href=\"https:\/\/www.woodbrass.com\/basses-electriques-4-cordes-cort-act4pj-black-open-pores-p224398.html?af=2401&amp;gclid=CjwKCAiAluLvBRASEiwAAbX3GefBKM6g5oiWqN_iHc_zd7e7Sn-nq4eEvTXb5R3RgoVlZCT4u-9MfxoClgUQAvD_BwE\">Cort Action 2<\/a> avec un ampli <a href=\"https:\/\/www.woodbrass.com\/amplis-basse-combos-ampeg-ba-108-v2-p183623.html\">AMPEG BA-108V2<\/a>, le tout achet\u00e9 d&rsquo;occaz&rsquo;.<\/p>\n\n\n\n<p>Sur la photo ci dessus, la pi\u00e8ce qui tient le manche est juste pos\u00e9e, l&rsquo;ajustement \u00e9tant suffisamment serr\u00e9. Bien entendu, j&rsquo;ai rajout\u00e9 ensuite des chevilles pour tenir le tout. <\/p>\n\n\n\n<p>Un coup de d\u00e9fonceuse avec une fraise \u00e0 arrondir sur toutes les arr\u00eates permet d&rsquo;am\u00e9liorer le rendu de la pi\u00e8ce.  Dans un deuxi\u00e8me temps et suite \u00e0 l&rsquo;achat d&rsquo;une autre fraise \u00e0 arrondir avec un rayon plus grand. Je suis m\u00eame re-pass\u00e9 sur toutes les arr\u00eates ext\u00e9rieures du support.   Vous noterez que je ne suis pas pass\u00e9 sur les zones de contact entre les pi\u00e8ces afin de ne pas avoir de jeu inutile et disgracieux.   <\/p>\n\n\n\n<figure class=\"wp-block-image size-large\"><img loading=\"lazy\" decoding=\"async\" width=\"576\" height=\"1024\" src=\"https:\/\/zeutelier.fr\/wp-content\/uploads\/2020\/11\/DSC_0009_2-1-576x1024.jpg\" alt=\"\" class=\"wp-image-6455\" srcset=\"https:\/\/zeutelier.fr\/wp-content\/uploads\/2020\/11\/DSC_0009_2-1-576x1024.jpg 576w, https:\/\/zeutelier.fr\/wp-content\/uploads\/2020\/11\/DSC_0009_2-1-169x300.jpg 169w, https:\/\/zeutelier.fr\/wp-content\/uploads\/2020\/11\/DSC_0009_2-1-768x1365.jpg 768w, https:\/\/zeutelier.fr\/wp-content\/uploads\/2020\/11\/DSC_0009_2-1-864x1536.jpg 864w, https:\/\/zeutelier.fr\/wp-content\/uploads\/2020\/11\/DSC_0009_2-1-1152x2048.jpg 1152w, https:\/\/zeutelier.fr\/wp-content\/uploads\/2020\/11\/DSC_0009_2-1-scaled.jpg 1440w\" sizes=\"auto, (max-width: 576px) 100vw, 576px\" \/><\/figure>\n\n\n\n<p>Je me suis ensuite attaqu\u00e9 aux \u00e9l\u00e9ments de d\u00e9cors pour notamment masquer les t\u00eates de vis. Pour cela j&rsquo;ai tap\u00e9 dans mon stock de planche de caisse de vin. J&rsquo;ai r\u00e9alis\u00e9 deux petites pi\u00e8ces pour ornementer le support bas et le \u00ab\u00a0Y\u00a0\u00bb qui tient le manche. Les deux \u00ab\u00a0?\u00a0\u00bb \u00e9taient pr\u00e9vus pour masquer les t\u00eates de vis. Ma <a rel=\"noreferrer noopener\" aria-label=\"scie \u00e0 chantourner (s\u2019ouvre dans un nouvel onglet)\" href=\"https:\/\/zeutelier.fr\/?p=530\" target=\"_blank\">scie \u00e0 chantourner<\/a> s&rsquo;est r\u00e9v\u00e9l\u00e9e tr\u00e8s utile (malgr\u00e9 les lames qui ne coupe plus grand chose).<\/p>\n\n\n\n<figure class=\"wp-block-image size-large\"><img loading=\"lazy\" decoding=\"async\" width=\"1024\" height=\"576\" src=\"https:\/\/zeutelier.fr\/wp-content\/uploads\/2020\/11\/DSC_0007_4-2-1024x576.jpg\" alt=\"\" class=\"wp-image-6456\" srcset=\"https:\/\/zeutelier.fr\/wp-content\/uploads\/2020\/11\/DSC_0007_4-2-1024x576.jpg 1024w, https:\/\/zeutelier.fr\/wp-content\/uploads\/2020\/11\/DSC_0007_4-2-300x169.jpg 300w, https:\/\/zeutelier.fr\/wp-content\/uploads\/2020\/11\/DSC_0007_4-2-768x432.jpg 768w, https:\/\/zeutelier.fr\/wp-content\/uploads\/2020\/11\/DSC_0007_4-2-1536x864.jpg 1536w, https:\/\/zeutelier.fr\/wp-content\/uploads\/2020\/11\/DSC_0007_4-2-2048x1152.jpg 2048w, https:\/\/zeutelier.fr\/wp-content\/uploads\/2020\/11\/DSC_0007_4-2-1800x1013.jpg 1800w, https:\/\/zeutelier.fr\/wp-content\/uploads\/2020\/11\/DSC_0007_4-2-1840x1035.jpg 1840w\" sizes=\"auto, (max-width: 1024px) 100vw, 1024px\" \/><\/figure>\n\n\n\n<p>Et puis si on les met face \u00e0 face \u00e7a fait un c\u0153ur &#8230; voil\u00e0 voil\u00e0.<\/p>\n\n\n\n<h2 class=\"wp-block-heading\">Peinture vernis et collage<\/h2>\n\n\n\n<p>Au  niveau finition du support j&rsquo;ai choisit de vernir les parties verticales avec un verni \u00ab\u00a0Merisier\u00a0\u00bb et la partie basse horizontale en noir mat. Un des deux teuteu (attention terme technique) est en noir et l&rsquo;autre couleur merisier. J&rsquo;ai choisi de ne pas tout faire de la m\u00eame couleur du fait des deux types de bois utilis\u00e9. En effet, j&rsquo;avais peur d&rsquo;avoir un \u00e9cart qui ne rendrait pas bien. <\/p>\n\n\n\n<figure class=\"wp-block-image size-large\"><img loading=\"lazy\" decoding=\"async\" width=\"1024\" height=\"576\" src=\"https:\/\/zeutelier.fr\/wp-content\/uploads\/2020\/11\/DSC_0017_3-1-1024x576.jpg\" alt=\"\" class=\"wp-image-6457\" srcset=\"https:\/\/zeutelier.fr\/wp-content\/uploads\/2020\/11\/DSC_0017_3-1-1024x576.jpg 1024w, https:\/\/zeutelier.fr\/wp-content\/uploads\/2020\/11\/DSC_0017_3-1-300x169.jpg 300w, https:\/\/zeutelier.fr\/wp-content\/uploads\/2020\/11\/DSC_0017_3-1-768x432.jpg 768w, https:\/\/zeutelier.fr\/wp-content\/uploads\/2020\/11\/DSC_0017_3-1-1536x864.jpg 1536w, https:\/\/zeutelier.fr\/wp-content\/uploads\/2020\/11\/DSC_0017_3-1-2048x1152.jpg 2048w, https:\/\/zeutelier.fr\/wp-content\/uploads\/2020\/11\/DSC_0017_3-1-1800x1013.jpg 1800w, https:\/\/zeutelier.fr\/wp-content\/uploads\/2020\/11\/DSC_0017_3-1-1840x1035.jpg 1840w\" sizes=\"auto, (max-width: 1024px) 100vw, 1024px\" \/><figcaption class=\"wp-element-caption\">Noir mat for ever<\/figcaption><\/figure>\n\n\n\n<p>Pour le noir rien de sorcier, c&rsquo;est de la peinture en bombe, le tout est d&rsquo;avoir un \u00e9tat de surface suffisamment propre avant de peindre&#8230; Et pas de poussi\u00e8re.<\/p>\n\n\n\n<p>Une fois tout bien sec, j&rsquo;ai ajout\u00e9 quatre chevilles (deux de chaque cot\u00e9) pour fixer la partie haute. Une fois coup\u00e9 \u00e0 ras, un peu de pon\u00e7age et une retouche de vernis et c&rsquo;est quasi invisible.<\/p>\n\n\n\n<figure class=\"wp-block-image size-large\"><img loading=\"lazy\" decoding=\"async\" width=\"576\" height=\"1024\" src=\"https:\/\/zeutelier.fr\/wp-content\/uploads\/2020\/11\/DSC_0015_1-1-576x1024.jpg\" alt=\"\" class=\"wp-image-6458\" srcset=\"https:\/\/zeutelier.fr\/wp-content\/uploads\/2020\/11\/DSC_0015_1-1-576x1024.jpg 576w, https:\/\/zeutelier.fr\/wp-content\/uploads\/2020\/11\/DSC_0015_1-1-169x300.jpg 169w, https:\/\/zeutelier.fr\/wp-content\/uploads\/2020\/11\/DSC_0015_1-1-768x1365.jpg 768w, https:\/\/zeutelier.fr\/wp-content\/uploads\/2020\/11\/DSC_0015_1-1-864x1536.jpg 864w, https:\/\/zeutelier.fr\/wp-content\/uploads\/2020\/11\/DSC_0015_1-1-1152x2048.jpg 1152w, https:\/\/zeutelier.fr\/wp-content\/uploads\/2020\/11\/DSC_0015_1-1-scaled.jpg 1440w\" sizes=\"auto, (max-width: 576px) 100vw, 576px\" \/><\/figure>\n\n\n\n<p>J&rsquo;ai volontairement fait cette manip apr\u00e8s vernissage pour avoir des faces presque cach\u00e9es vernies correctement. J&rsquo;ai \u00e9galement \u00e9vit\u00e9 de cette mani\u00e8re le vernis qui vient s&rsquo;agglutiner aux jointures. <\/p>\n\n\n\n<p>Ce qui donne quelque chose qui commence \u00e0 ressembler \u00e0 un support de guitare, une fois assembl\u00e9 :<\/p>\n\n\n\n<figure class=\"wp-block-image size-large\"><img loading=\"lazy\" decoding=\"async\" width=\"576\" height=\"1024\" src=\"https:\/\/zeutelier.fr\/wp-content\/uploads\/2020\/11\/DSC_0026-2-576x1024.jpg\" alt=\"\" class=\"wp-image-6459\" srcset=\"https:\/\/zeutelier.fr\/wp-content\/uploads\/2020\/11\/DSC_0026-2-576x1024.jpg 576w, https:\/\/zeutelier.fr\/wp-content\/uploads\/2020\/11\/DSC_0026-2-169x300.jpg 169w, https:\/\/zeutelier.fr\/wp-content\/uploads\/2020\/11\/DSC_0026-2-768x1365.jpg 768w, https:\/\/zeutelier.fr\/wp-content\/uploads\/2020\/11\/DSC_0026-2-864x1536.jpg 864w, https:\/\/zeutelier.fr\/wp-content\/uploads\/2020\/11\/DSC_0026-2-1152x2048.jpg 1152w, https:\/\/zeutelier.fr\/wp-content\/uploads\/2020\/11\/DSC_0026-2-scaled.jpg 1440w\" sizes=\"auto, (max-width: 576px) 100vw, 576px\" \/><\/figure>\n\n\n\n<p>La partie basse noire est renforc\u00e9e par le dessous par des blocs additionnels cach\u00e9s permettant de donner de la rigidit\u00e9 \u00e0 l&rsquo;ensemble. J&rsquo;ai choisi de fixer le montant vertical avec des vis par le dessous afin de le garder d\u00e9montable. Je suis de plus en plus persuad\u00e9 que je ne le d\u00e9monterai jamais mais bon &#8230;<\/p>\n\n\n\n<p>C&rsquo;est \u00e0 peu pr\u00e8s \u00e0 ce moment que j&rsquo;ai vir\u00e9 les vis de fixation des deux flancs pour les remplacer par des chevilles comme pour le \u00ab\u00a0Y\u00a0\u00bb. Petite astuce : j&rsquo;ai coll\u00e9 le tout et maintenu avec les vis. Puis j&rsquo;ai enlev\u00e9 les vis une par une et les ai remplac\u00e9es au fur et \u00e0 mesure par des chevilles. Comme \u00e7a tout reste en place sans bouger, c&rsquo;est beaucoup plus simple !<\/p>\n\n\n\n<p>Et du coup j&rsquo;ai en stock deux \u00ab\u00a0?\u00a0\u00bb en bois peints en noir &#8230; Peut \u00eatre qu&rsquo;ils reviendront un jour, on verra !<\/p>\n\n\n\n<p>Les petits ornements sont quand \u00e0 eux coll\u00e9s \u00e0 leur place \u00e0 la colle cyanoacrylate. <\/p>\n\n\n\n<figure class=\"wp-block-image size-large\"><img loading=\"lazy\" decoding=\"async\" width=\"1024\" height=\"768\" src=\"https:\/\/zeutelier.fr\/wp-content\/uploads\/2020\/11\/DSC00146-1-1024x768.jpg\" alt=\"\" class=\"wp-image-6460\" srcset=\"https:\/\/zeutelier.fr\/wp-content\/uploads\/2020\/11\/DSC00146-1-1024x768.jpg 1024w, https:\/\/zeutelier.fr\/wp-content\/uploads\/2020\/11\/DSC00146-1-300x225.jpg 300w, https:\/\/zeutelier.fr\/wp-content\/uploads\/2020\/11\/DSC00146-1-768x576.jpg 768w, https:\/\/zeutelier.fr\/wp-content\/uploads\/2020\/11\/DSC00146-1-1536x1152.jpg 1536w, https:\/\/zeutelier.fr\/wp-content\/uploads\/2020\/11\/DSC00146-1-2048x1536.jpg 2048w, https:\/\/zeutelier.fr\/wp-content\/uploads\/2020\/11\/DSC00146-1-1800x1350.jpg 1800w\" sizes=\"auto, (max-width: 1024px) 100vw, 1024px\" \/><figcaption class=\"wp-element-caption\">Le teuteu ornemental noir<\/figcaption><\/figure>\n\n\n\n<figure class=\"wp-block-image size-large\"><img loading=\"lazy\" decoding=\"async\" width=\"768\" height=\"1024\" src=\"https:\/\/zeutelier.fr\/wp-content\/uploads\/2020\/11\/DSC00010-1-768x1024.jpg\" alt=\"\" class=\"wp-image-6461\" srcset=\"https:\/\/zeutelier.fr\/wp-content\/uploads\/2020\/11\/DSC00010-1-768x1024.jpg 768w, https:\/\/zeutelier.fr\/wp-content\/uploads\/2020\/11\/DSC00010-1-225x300.jpg 225w, https:\/\/zeutelier.fr\/wp-content\/uploads\/2020\/11\/DSC00010-1-1152x1536.jpg 1152w, https:\/\/zeutelier.fr\/wp-content\/uploads\/2020\/11\/DSC00010-1-1536x2048.jpg 1536w, https:\/\/zeutelier.fr\/wp-content\/uploads\/2020\/11\/DSC00010-1-1800x2400.jpg 1800w, https:\/\/zeutelier.fr\/wp-content\/uploads\/2020\/11\/DSC00010-1-900x1200.jpg 900w, https:\/\/zeutelier.fr\/wp-content\/uploads\/2020\/11\/DSC00010-1-scaled.jpg 1920w\" sizes=\"auto, (max-width: 768px) 100vw, 768px\" \/><figcaption class=\"wp-element-caption\"> Le teuteu ornemental pas noir <\/figcaption><\/figure>\n\n\n\n<figure class=\"wp-block-image size-large\"><img loading=\"lazy\" decoding=\"async\" width=\"768\" height=\"1024\" src=\"https:\/\/zeutelier.fr\/wp-content\/uploads\/2020\/11\/DSC00155-1-768x1024.jpg\" alt=\"\" class=\"wp-image-6462\" srcset=\"https:\/\/zeutelier.fr\/wp-content\/uploads\/2020\/11\/DSC00155-1-768x1024.jpg 768w, https:\/\/zeutelier.fr\/wp-content\/uploads\/2020\/11\/DSC00155-1-225x300.jpg 225w, https:\/\/zeutelier.fr\/wp-content\/uploads\/2020\/11\/DSC00155-1-1152x1536.jpg 1152w, https:\/\/zeutelier.fr\/wp-content\/uploads\/2020\/11\/DSC00155-1-1536x2048.jpg 1536w, https:\/\/zeutelier.fr\/wp-content\/uploads\/2020\/11\/DSC00155-1-1800x2400.jpg 1800w, https:\/\/zeutelier.fr\/wp-content\/uploads\/2020\/11\/DSC00155-1-900x1200.jpg 900w, https:\/\/zeutelier.fr\/wp-content\/uploads\/2020\/11\/DSC00155-1-scaled.jpg 1920w\" sizes=\"auto, (max-width: 768px) 100vw, 768px\" \/><figcaption class=\"wp-element-caption\">Fini ?<\/figcaption><\/figure>\n\n\n\n<p>Enfin pour prot\u00e9ger le bas de la basse lors du contact avec le bois &#8230; j&rsquo;ai fait mon gros fain\u00e9ant &#8230;<\/p>\n\n\n\n<p>J&rsquo;ai pris un bout de mousse autocollante qui tra\u00eenait dans l&rsquo;atelier et je l&rsquo;ai coll\u00e9 en place. Oui j&rsquo;ai honte. En plus les bouts de mousse n&rsquo;ont pas tenu. R\u00e9sultat \u00e7a a foutu de la colle de partout, en plus d&rsquo;\u00eatre moche.<\/p>\n\n\n\n<h2 class=\"wp-block-heading\">Si c&rsquo;est moche, on refait !<\/h2>\n\n\n\n<p>Du coup, apr\u00e8s diverses tergiversions, j&rsquo;ai choisi de sacrifier des lani\u00e8res en cuir qui tra\u00eenaient elles aussi dans l&rsquo;atelier pour les recouvrir de velours noir. Le velours se colle \u00e0 la colle blanche, tant qu&rsquo;on n&rsquo;en met pas trop, sinon \u00e7a passe \u00e0 travers. <\/p>\n\n\n\n<p>Lors du collage j&rsquo;ai fait en sorte de les maintenir dans une forme proche de celle qu&rsquo;ils auraient une fois sur le support de basse. <\/p>\n\n\n\n<figure class=\"wp-block-image size-large\"><img loading=\"lazy\" decoding=\"async\" width=\"1024\" height=\"768\" src=\"https:\/\/zeutelier.fr\/wp-content\/uploads\/2020\/11\/20200930_201954-2-1024x768.jpg\" alt=\"\" class=\"wp-image-6463\" srcset=\"https:\/\/zeutelier.fr\/wp-content\/uploads\/2020\/11\/20200930_201954-2-1024x768.jpg 1024w, https:\/\/zeutelier.fr\/wp-content\/uploads\/2020\/11\/20200930_201954-2-300x225.jpg 300w, https:\/\/zeutelier.fr\/wp-content\/uploads\/2020\/11\/20200930_201954-2-768x576.jpg 768w, https:\/\/zeutelier.fr\/wp-content\/uploads\/2020\/11\/20200930_201954-2-1536x1152.jpg 1536w, https:\/\/zeutelier.fr\/wp-content\/uploads\/2020\/11\/20200930_201954-2-2048x1536.jpg 2048w, https:\/\/zeutelier.fr\/wp-content\/uploads\/2020\/11\/20200930_201954-2-1800x1350.jpg 1800w\" sizes=\"auto, (max-width: 1024px) 100vw, 1024px\" \/><figcaption class=\"wp-element-caption\">Coller du velours sur du cuir \u00e0 la colle \u00e0 bois &#8230; KAMOULOX !<\/figcaption><\/figure>\n\n\n\n<p>Un point de colle plus tard et TADAAAAA !<\/p>\n\n\n\n<figure class=\"wp-block-image size-large\"><img loading=\"lazy\" decoding=\"async\" width=\"768\" height=\"1024\" src=\"https:\/\/zeutelier.fr\/wp-content\/uploads\/2020\/11\/DSC00379-1-768x1024.jpg\" alt=\"support de guitare \/ basse, en bois\" class=\"wp-image-6464\" srcset=\"https:\/\/zeutelier.fr\/wp-content\/uploads\/2020\/11\/DSC00379-1-768x1024.jpg 768w, https:\/\/zeutelier.fr\/wp-content\/uploads\/2020\/11\/DSC00379-1-225x300.jpg 225w, https:\/\/zeutelier.fr\/wp-content\/uploads\/2020\/11\/DSC00379-1-1152x1536.jpg 1152w, https:\/\/zeutelier.fr\/wp-content\/uploads\/2020\/11\/DSC00379-1-1536x2048.jpg 1536w, https:\/\/zeutelier.fr\/wp-content\/uploads\/2020\/11\/DSC00379-1-1800x2400.jpg 1800w, https:\/\/zeutelier.fr\/wp-content\/uploads\/2020\/11\/DSC00379-1-900x1200.jpg 900w, https:\/\/zeutelier.fr\/wp-content\/uploads\/2020\/11\/DSC00379-1-scaled.jpg 1920w\" sizes=\"auto, (max-width: 768px) 100vw, 768px\" \/><figcaption class=\"wp-element-caption\">un support de basse fini de 3\/4 face<\/figcaption><\/figure>\n\n\n\n<figure class=\"wp-block-image size-large\"><img loading=\"lazy\" decoding=\"async\" width=\"768\" height=\"1024\" src=\"https:\/\/zeutelier.fr\/wp-content\/uploads\/2020\/11\/DSC00380-1-768x1024.jpg\" alt=\"support de guitare \/ basse, en bois\" class=\"wp-image-6465\" srcset=\"https:\/\/zeutelier.fr\/wp-content\/uploads\/2020\/11\/DSC00380-1-768x1024.jpg 768w, https:\/\/zeutelier.fr\/wp-content\/uploads\/2020\/11\/DSC00380-1-225x300.jpg 225w, https:\/\/zeutelier.fr\/wp-content\/uploads\/2020\/11\/DSC00380-1-1152x1536.jpg 1152w, https:\/\/zeutelier.fr\/wp-content\/uploads\/2020\/11\/DSC00380-1-1536x2048.jpg 1536w, https:\/\/zeutelier.fr\/wp-content\/uploads\/2020\/11\/DSC00380-1-1800x2400.jpg 1800w, https:\/\/zeutelier.fr\/wp-content\/uploads\/2020\/11\/DSC00380-1-900x1200.jpg 900w, https:\/\/zeutelier.fr\/wp-content\/uploads\/2020\/11\/DSC00380-1-scaled.jpg 1920w\" sizes=\"auto, (max-width: 768px) 100vw, 768px\" \/><figcaption class=\"wp-element-caption\">&#8230; de profil<\/figcaption><\/figure>\n\n\n\n<figure class=\"wp-block-image size-large\"><img loading=\"lazy\" decoding=\"async\" width=\"768\" height=\"1024\" src=\"https:\/\/zeutelier.fr\/wp-content\/uploads\/2020\/11\/DSC00381-1-768x1024.jpg\" alt=\"support de guitare \/ basse, en bois\" class=\"wp-image-6468\" srcset=\"https:\/\/zeutelier.fr\/wp-content\/uploads\/2020\/11\/DSC00381-1-768x1024.jpg 768w, https:\/\/zeutelier.fr\/wp-content\/uploads\/2020\/11\/DSC00381-1-225x300.jpg 225w, https:\/\/zeutelier.fr\/wp-content\/uploads\/2020\/11\/DSC00381-1-1152x1536.jpg 1152w, https:\/\/zeutelier.fr\/wp-content\/uploads\/2020\/11\/DSC00381-1-1536x2048.jpg 1536w, https:\/\/zeutelier.fr\/wp-content\/uploads\/2020\/11\/DSC00381-1-1800x2400.jpg 1800w, https:\/\/zeutelier.fr\/wp-content\/uploads\/2020\/11\/DSC00381-1-900x1200.jpg 900w, https:\/\/zeutelier.fr\/wp-content\/uploads\/2020\/11\/DSC00381-1-scaled.jpg 1920w\" sizes=\"auto, (max-width: 768px) 100vw, 768px\" \/><figcaption class=\"wp-element-caption\">et avec la basse<\/figcaption><\/figure>\n\n\n\n<figure class=\"wp-block-image size-large\"><img loading=\"lazy\" decoding=\"async\" width=\"768\" height=\"1024\" src=\"https:\/\/zeutelier.fr\/wp-content\/uploads\/2020\/11\/DSC00384-1-768x1024.jpg\" alt=\"support de guitare \/ basse, en bois\" class=\"wp-image-6467\" srcset=\"https:\/\/zeutelier.fr\/wp-content\/uploads\/2020\/11\/DSC00384-1-768x1024.jpg 768w, https:\/\/zeutelier.fr\/wp-content\/uploads\/2020\/11\/DSC00384-1-225x300.jpg 225w, https:\/\/zeutelier.fr\/wp-content\/uploads\/2020\/11\/DSC00384-1-1152x1536.jpg 1152w, https:\/\/zeutelier.fr\/wp-content\/uploads\/2020\/11\/DSC00384-1-1536x2048.jpg 1536w, https:\/\/zeutelier.fr\/wp-content\/uploads\/2020\/11\/DSC00384-1-1800x2400.jpg 1800w, https:\/\/zeutelier.fr\/wp-content\/uploads\/2020\/11\/DSC00384-1-900x1200.jpg 900w, https:\/\/zeutelier.fr\/wp-content\/uploads\/2020\/11\/DSC00384-1-scaled.jpg 1920w\" sizes=\"auto, (max-width: 768px) 100vw, 768px\" \/><figcaption class=\"wp-element-caption\">Et enfin vu de derri\u00e8re<\/figcaption><\/figure>\n\n\n\n<p>Alors c&rsquo;est mieux ou pas qu&rsquo;un support de guitare \u00e0 10\u20ac sur Amazon ?<\/p>\n\n\n\n<hr class=\"wp-block-separator has-text-color has-gray-color has-alpha-channel-opacity has-gray-background-color has-background is-style-wide\"\/>\n\n\n\n<p><em>Liste de l&rsquo;outillage  utilis\u00e9 (liens d&rsquo;affiliation &#8211; <a href=\"https:\/\/zeutelier.fr\/?page_id=6571\" target=\"_blank\" rel=\"noreferrer noopener\">Qu&rsquo;est-ce que c&rsquo;est ?<\/a>) :<\/em><\/p>\n\n\n\n<ul class=\"wp-block-list\">\n<li><a href=\"https:\/\/tidd.ly\/3SdYXOr\" target=\"_blank\" rel=\"noreferrer noopener\">Visseuse (Equivalent)<\/a><\/li>\n\n\n\n<li><a href=\"https:\/\/tidd.ly\/4aJgoxo\" target=\"_blank\" rel=\"noreferrer noopener\">Scie circulaire (Equivalent)<\/a><\/li>\n\n\n\n<li><a href=\"https:\/\/tidd.ly\/3TTJW5D\" target=\"_blank\" rel=\"noreferrer noopener\">Scie sauteuse<\/a><\/li>\n\n\n\n<li><a href=\"https:\/\/tidd.ly\/41VUW4e\" target=\"_blank\" rel=\"noreferrer noopener\">Ponceuse<\/a><\/li>\n\n\n\n<li><a href=\"https:\/\/tidd.ly\/4aVrfVe\" target=\"_blank\" rel=\"noreferrer noopener\">Scie japonaise<\/a><\/li>\n\n\n\n<li><a href=\"https:\/\/tidd.ly\/3vw4kiV\" target=\"_blank\" rel=\"noreferrer noopener\">D\u00e9fonceuse<\/a><\/li>\n\n\n\n<li><a href=\"https:\/\/tidd.ly\/3RXAlYN\" target=\"_blank\" rel=\"noreferrer noopener\">R\u00e9glet<\/a><\/li>\n\n\n\n<li><a href=\"https:\/\/tidd.ly\/3O4ZsaX\" target=\"_blank\" rel=\"noreferrer noopener\">Pied \u00e0 coulisse<\/a><\/li>\n\n\n\n<li><a href=\"https:\/\/tidd.ly\/3tPWqR3\">\u00c9q<\/a><a href=\"https:\/\/tidd.ly\/3tPWqR3\" target=\"_blank\" rel=\"noreferrer noopener\">u<\/a><a href=\"https:\/\/tidd.ly\/3tPWqR3\">erre<\/a><\/li>\n\n\n\n<li><a href=\"https:\/\/tidd.ly\/3HeCwT1\" target=\"_blank\" rel=\"noreferrer noopener\">Rapporteur<\/a><\/li>\n\n\n\n<li><a href=\"https:\/\/tidd.ly\/48Lnu2w\" target=\"_blank\" rel=\"noreferrer noopener\">\u00c9querre combin\u00e9e (Equivalent)<\/a><\/li>\n\n\n\n<li><a href=\"https:\/\/tidd.ly\/3Sf20FR\" target=\"_blank\" rel=\"noreferrer noopener\">Serre joint<\/a><\/li>\n<\/ul>\n\n\n\n<hr class=\"wp-block-separator has-text-color has-gray-color has-alpha-channel-opacity has-gray-background-color has-background is-style-wide\"\/>\n","protected":false},"excerpt":{"rendered":"<p>Il y a un plus de deux ans, je me suis mis \u00e0 la basse. Avant de se lancer dans la fabrication ou la personnalisation [&#8230;]<\/p>\n","protected":false},"author":1,"featured_media":6469,"comment_status":"open","ping_status":"open","sticky":false,"template":"","format":"standard","meta":{"footnotes":""},"categories":[5],"tags":[12,13,26,52],"class_list":["post-1203","post","type-post","status-publish","format-standard","has-post-thumbnail","hentry","category-le-bois","tag-basse","tag-bois","tag-guitare","tag-support"],"yoast_head":"<!-- This site is optimized with the Yoast SEO plugin v27.5 - https:\/\/yoast.com\/product\/yoast-seo-wordpress\/ -->\n<title>Support de guitare basse - Zeutelier<\/title>\n<meta name=\"description\" content=\"R\u00e9alisation d&#039;un support pour ma guitare \/ basse \u00e9lectrique, avec des courbes dans tous les sens et des angles un peu b\u00e2tards.\" \/>\n<meta name=\"robots\" content=\"index, follow, max-snippet:-1, max-image-preview:large, max-video-preview:-1\" \/>\n<link rel=\"canonical\" href=\"https:\/\/zeutelier.fr\/?p=1203\" \/>\n<meta property=\"og:locale\" content=\"fr_FR\" \/>\n<meta property=\"og:type\" content=\"article\" \/>\n<meta property=\"og:title\" content=\"Support de guitare basse - Zeutelier\" \/>\n<meta property=\"og:description\" content=\"R\u00e9alisation d&#039;un support pour ma guitare \/ basse \u00e9lectrique, avec des courbes dans tous les sens et des angles un peu b\u00e2tards.\" \/>\n<meta property=\"og:url\" content=\"https:\/\/zeutelier.fr\/?p=1203\" \/>\n<meta property=\"og:site_name\" content=\"Zeutelier\" \/>\n<meta property=\"article:publisher\" content=\"https:\/\/www.facebook.com\/zeutelier\/\" \/>\n<meta property=\"article:author\" content=\"https:\/\/www.facebook.com\/zeutelier\" \/>\n<meta property=\"article:published_time\" content=\"2020-11-05T08:28:00+00:00\" \/>\n<meta property=\"article:modified_time\" content=\"2024-01-14T17:41:00+00:00\" \/>\n<meta property=\"og:image\" content=\"https:\/\/zeutelier.fr\/wp-content\/uploads\/2020\/11\/support-basse.jpg\" \/>\n\t<meta property=\"og:image:width\" content=\"1024\" \/>\n\t<meta property=\"og:image:height\" content=\"768\" \/>\n\t<meta property=\"og:image:type\" content=\"image\/jpeg\" \/>\n<meta name=\"author\" content=\"Zeutelier\" \/>\n<meta name=\"twitter:card\" content=\"summary_large_image\" \/>\n<meta name=\"twitter:label1\" content=\"\u00c9crit par\" \/>\n\t<meta name=\"twitter:data1\" content=\"Zeutelier\" \/>\n\t<meta name=\"twitter:label2\" content=\"Dur\u00e9e de lecture estim\u00e9e\" \/>\n\t<meta name=\"twitter:data2\" content=\"13 minutes\" \/>\n<script type=\"application\/ld+json\" class=\"yoast-schema-graph\">{\"@context\":\"https:\\\/\\\/schema.org\",\"@graph\":[{\"@type\":\"Article\",\"@id\":\"https:\\\/\\\/zeutelier.fr\\\/?p=1203#article\",\"isPartOf\":{\"@id\":\"https:\\\/\\\/zeutelier.fr\\\/?p=1203\"},\"author\":{\"name\":\"Zeutelier\",\"@id\":\"https:\\\/\\\/zeutelier.fr\\\/#\\\/schema\\\/person\\\/9a2e3ecb81c2e997a22dbd659d946bcb\"},\"headline\":\"Support de guitare basse\",\"datePublished\":\"2020-11-05T08:28:00+00:00\",\"dateModified\":\"2024-01-14T17:41:00+00:00\",\"mainEntityOfPage\":{\"@id\":\"https:\\\/\\\/zeutelier.fr\\\/?p=1203\"},\"wordCount\":1706,\"commentCount\":2,\"publisher\":{\"@id\":\"https:\\\/\\\/zeutelier.fr\\\/#organization\"},\"image\":{\"@id\":\"https:\\\/\\\/zeutelier.fr\\\/?p=1203#primaryimage\"},\"thumbnailUrl\":\"https:\\\/\\\/zeutelier.fr\\\/wp-content\\\/uploads\\\/2020\\\/11\\\/support-basse.jpg\",\"keywords\":[\"basse\",\"bois\",\"guitare\",\"support\"],\"articleSection\":[\"Le bois\"],\"inLanguage\":\"fr-FR\",\"potentialAction\":[{\"@type\":\"CommentAction\",\"name\":\"Comment\",\"target\":[\"https:\\\/\\\/zeutelier.fr\\\/?p=1203#respond\"]}]},{\"@type\":\"WebPage\",\"@id\":\"https:\\\/\\\/zeutelier.fr\\\/?p=1203\",\"url\":\"https:\\\/\\\/zeutelier.fr\\\/?p=1203\",\"name\":\"Support de guitare basse - Zeutelier\",\"isPartOf\":{\"@id\":\"https:\\\/\\\/zeutelier.fr\\\/#website\"},\"primaryImageOfPage\":{\"@id\":\"https:\\\/\\\/zeutelier.fr\\\/?p=1203#primaryimage\"},\"image\":{\"@id\":\"https:\\\/\\\/zeutelier.fr\\\/?p=1203#primaryimage\"},\"thumbnailUrl\":\"https:\\\/\\\/zeutelier.fr\\\/wp-content\\\/uploads\\\/2020\\\/11\\\/support-basse.jpg\",\"datePublished\":\"2020-11-05T08:28:00+00:00\",\"dateModified\":\"2024-01-14T17:41:00+00:00\",\"description\":\"R\u00e9alisation d'un support pour ma guitare \\\/ basse \u00e9lectrique, avec des courbes dans tous les sens et des angles un peu b\u00e2tards.\",\"breadcrumb\":{\"@id\":\"https:\\\/\\\/zeutelier.fr\\\/?p=1203#breadcrumb\"},\"inLanguage\":\"fr-FR\",\"potentialAction\":[{\"@type\":\"ReadAction\",\"target\":[\"https:\\\/\\\/zeutelier.fr\\\/?p=1203\"]}]},{\"@type\":\"ImageObject\",\"inLanguage\":\"fr-FR\",\"@id\":\"https:\\\/\\\/zeutelier.fr\\\/?p=1203#primaryimage\",\"url\":\"https:\\\/\\\/zeutelier.fr\\\/wp-content\\\/uploads\\\/2020\\\/11\\\/support-basse.jpg\",\"contentUrl\":\"https:\\\/\\\/zeutelier.fr\\\/wp-content\\\/uploads\\\/2020\\\/11\\\/support-basse.jpg\",\"width\":1024,\"height\":768},{\"@type\":\"BreadcrumbList\",\"@id\":\"https:\\\/\\\/zeutelier.fr\\\/?p=1203#breadcrumb\",\"itemListElement\":[{\"@type\":\"ListItem\",\"position\":1,\"name\":\"Accueil\",\"item\":\"https:\\\/\\\/zeutelier.fr\\\/\"},{\"@type\":\"ListItem\",\"position\":2,\"name\":\"Support de guitare basse\"}]},{\"@type\":\"WebSite\",\"@id\":\"https:\\\/\\\/zeutelier.fr\\\/#website\",\"url\":\"https:\\\/\\\/zeutelier.fr\\\/\",\"name\":\"Zeutelier\",\"description\":\"L&#039;art de fabriquer des trucs avec n&#039;importe quoi\",\"publisher\":{\"@id\":\"https:\\\/\\\/zeutelier.fr\\\/#organization\"},\"alternateName\":\"Zeu'telier\",\"potentialAction\":[{\"@type\":\"SearchAction\",\"target\":{\"@type\":\"EntryPoint\",\"urlTemplate\":\"https:\\\/\\\/zeutelier.fr\\\/?s={search_term_string}\"},\"query-input\":{\"@type\":\"PropertyValueSpecification\",\"valueRequired\":true,\"valueName\":\"search_term_string\"}}],\"inLanguage\":\"fr-FR\"},{\"@type\":\"Organization\",\"@id\":\"https:\\\/\\\/zeutelier.fr\\\/#organization\",\"name\":\"zeutelier\",\"url\":\"https:\\\/\\\/zeutelier.fr\\\/\",\"logo\":{\"@type\":\"ImageObject\",\"inLanguage\":\"fr-FR\",\"@id\":\"https:\\\/\\\/zeutelier.fr\\\/#\\\/schema\\\/logo\\\/image\\\/\",\"url\":\"https:\\\/\\\/zeutelier.fr\\\/wp-content\\\/uploads\\\/2023\\\/09\\\/logo2.jpg\",\"contentUrl\":\"https:\\\/\\\/zeutelier.fr\\\/wp-content\\\/uploads\\\/2023\\\/09\\\/logo2.jpg\",\"width\":800,\"height\":800,\"caption\":\"zeutelier\"},\"image\":{\"@id\":\"https:\\\/\\\/zeutelier.fr\\\/#\\\/schema\\\/logo\\\/image\\\/\"},\"sameAs\":[\"https:\\\/\\\/www.facebook.com\\\/zeutelier\\\/\",\"https:\\\/\\\/www.pinterest.fr\\\/zeutelier\\\/\"]},{\"@type\":\"Person\",\"@id\":\"https:\\\/\\\/zeutelier.fr\\\/#\\\/schema\\\/person\\\/9a2e3ecb81c2e997a22dbd659d946bcb\",\"name\":\"Zeutelier\",\"image\":{\"@type\":\"ImageObject\",\"inLanguage\":\"fr-FR\",\"@id\":\"https:\\\/\\\/secure.gravatar.com\\\/avatar\\\/909277dc03d220167a035e627a59b102b518290d0abaf0d584f3bb1692d3d0cf?s=96&r=g\",\"url\":\"https:\\\/\\\/secure.gravatar.com\\\/avatar\\\/909277dc03d220167a035e627a59b102b518290d0abaf0d584f3bb1692d3d0cf?s=96&r=g\",\"contentUrl\":\"https:\\\/\\\/secure.gravatar.com\\\/avatar\\\/909277dc03d220167a035e627a59b102b518290d0abaf0d584f3bb1692d3d0cf?s=96&r=g\",\"caption\":\"Zeutelier\"},\"sameAs\":[\"http:\\\/\\\/zeutelier.fr\",\"https:\\\/\\\/www.facebook.com\\\/zeutelier\",\"https:\\\/\\\/fr.pinterest.com\\\/zeutelier\"],\"url\":\"https:\\\/\\\/zeutelier.fr\\\/?author=1\"}]}<\/script>\n<!-- \/ Yoast SEO plugin. -->","yoast_head_json":{"title":"Support de guitare basse - Zeutelier","description":"R\u00e9alisation d'un support pour ma guitare \/ basse \u00e9lectrique, avec des courbes dans tous les sens et des angles un peu b\u00e2tards.","robots":{"index":"index","follow":"follow","max-snippet":"max-snippet:-1","max-image-preview":"max-image-preview:large","max-video-preview":"max-video-preview:-1"},"canonical":"https:\/\/zeutelier.fr\/?p=1203","og_locale":"fr_FR","og_type":"article","og_title":"Support de guitare basse - Zeutelier","og_description":"R\u00e9alisation d'un support pour ma guitare \/ basse \u00e9lectrique, avec des courbes dans tous les sens et des angles un peu b\u00e2tards.","og_url":"https:\/\/zeutelier.fr\/?p=1203","og_site_name":"Zeutelier","article_publisher":"https:\/\/www.facebook.com\/zeutelier\/","article_author":"https:\/\/www.facebook.com\/zeutelier","article_published_time":"2020-11-05T08:28:00+00:00","article_modified_time":"2024-01-14T17:41:00+00:00","og_image":[{"width":1024,"height":768,"url":"https:\/\/zeutelier.fr\/wp-content\/uploads\/2020\/11\/support-basse.jpg","type":"image\/jpeg"}],"author":"Zeutelier","twitter_card":"summary_large_image","twitter_misc":{"\u00c9crit par":"Zeutelier","Dur\u00e9e de lecture estim\u00e9e":"13 minutes"},"schema":{"@context":"https:\/\/schema.org","@graph":[{"@type":"Article","@id":"https:\/\/zeutelier.fr\/?p=1203#article","isPartOf":{"@id":"https:\/\/zeutelier.fr\/?p=1203"},"author":{"name":"Zeutelier","@id":"https:\/\/zeutelier.fr\/#\/schema\/person\/9a2e3ecb81c2e997a22dbd659d946bcb"},"headline":"Support de guitare basse","datePublished":"2020-11-05T08:28:00+00:00","dateModified":"2024-01-14T17:41:00+00:00","mainEntityOfPage":{"@id":"https:\/\/zeutelier.fr\/?p=1203"},"wordCount":1706,"commentCount":2,"publisher":{"@id":"https:\/\/zeutelier.fr\/#organization"},"image":{"@id":"https:\/\/zeutelier.fr\/?p=1203#primaryimage"},"thumbnailUrl":"https:\/\/zeutelier.fr\/wp-content\/uploads\/2020\/11\/support-basse.jpg","keywords":["basse","bois","guitare","support"],"articleSection":["Le bois"],"inLanguage":"fr-FR","potentialAction":[{"@type":"CommentAction","name":"Comment","target":["https:\/\/zeutelier.fr\/?p=1203#respond"]}]},{"@type":"WebPage","@id":"https:\/\/zeutelier.fr\/?p=1203","url":"https:\/\/zeutelier.fr\/?p=1203","name":"Support de guitare basse - Zeutelier","isPartOf":{"@id":"https:\/\/zeutelier.fr\/#website"},"primaryImageOfPage":{"@id":"https:\/\/zeutelier.fr\/?p=1203#primaryimage"},"image":{"@id":"https:\/\/zeutelier.fr\/?p=1203#primaryimage"},"thumbnailUrl":"https:\/\/zeutelier.fr\/wp-content\/uploads\/2020\/11\/support-basse.jpg","datePublished":"2020-11-05T08:28:00+00:00","dateModified":"2024-01-14T17:41:00+00:00","description":"R\u00e9alisation d'un support pour ma guitare \/ basse \u00e9lectrique, avec des courbes dans tous les sens et des angles un peu b\u00e2tards.","breadcrumb":{"@id":"https:\/\/zeutelier.fr\/?p=1203#breadcrumb"},"inLanguage":"fr-FR","potentialAction":[{"@type":"ReadAction","target":["https:\/\/zeutelier.fr\/?p=1203"]}]},{"@type":"ImageObject","inLanguage":"fr-FR","@id":"https:\/\/zeutelier.fr\/?p=1203#primaryimage","url":"https:\/\/zeutelier.fr\/wp-content\/uploads\/2020\/11\/support-basse.jpg","contentUrl":"https:\/\/zeutelier.fr\/wp-content\/uploads\/2020\/11\/support-basse.jpg","width":1024,"height":768},{"@type":"BreadcrumbList","@id":"https:\/\/zeutelier.fr\/?p=1203#breadcrumb","itemListElement":[{"@type":"ListItem","position":1,"name":"Accueil","item":"https:\/\/zeutelier.fr\/"},{"@type":"ListItem","position":2,"name":"Support de guitare basse"}]},{"@type":"WebSite","@id":"https:\/\/zeutelier.fr\/#website","url":"https:\/\/zeutelier.fr\/","name":"Zeutelier","description":"L&#039;art de fabriquer des trucs avec n&#039;importe quoi","publisher":{"@id":"https:\/\/zeutelier.fr\/#organization"},"alternateName":"Zeu'telier","potentialAction":[{"@type":"SearchAction","target":{"@type":"EntryPoint","urlTemplate":"https:\/\/zeutelier.fr\/?s={search_term_string}"},"query-input":{"@type":"PropertyValueSpecification","valueRequired":true,"valueName":"search_term_string"}}],"inLanguage":"fr-FR"},{"@type":"Organization","@id":"https:\/\/zeutelier.fr\/#organization","name":"zeutelier","url":"https:\/\/zeutelier.fr\/","logo":{"@type":"ImageObject","inLanguage":"fr-FR","@id":"https:\/\/zeutelier.fr\/#\/schema\/logo\/image\/","url":"https:\/\/zeutelier.fr\/wp-content\/uploads\/2023\/09\/logo2.jpg","contentUrl":"https:\/\/zeutelier.fr\/wp-content\/uploads\/2023\/09\/logo2.jpg","width":800,"height":800,"caption":"zeutelier"},"image":{"@id":"https:\/\/zeutelier.fr\/#\/schema\/logo\/image\/"},"sameAs":["https:\/\/www.facebook.com\/zeutelier\/","https:\/\/www.pinterest.fr\/zeutelier\/"]},{"@type":"Person","@id":"https:\/\/zeutelier.fr\/#\/schema\/person\/9a2e3ecb81c2e997a22dbd659d946bcb","name":"Zeutelier","image":{"@type":"ImageObject","inLanguage":"fr-FR","@id":"https:\/\/secure.gravatar.com\/avatar\/909277dc03d220167a035e627a59b102b518290d0abaf0d584f3bb1692d3d0cf?s=96&r=g","url":"https:\/\/secure.gravatar.com\/avatar\/909277dc03d220167a035e627a59b102b518290d0abaf0d584f3bb1692d3d0cf?s=96&r=g","contentUrl":"https:\/\/secure.gravatar.com\/avatar\/909277dc03d220167a035e627a59b102b518290d0abaf0d584f3bb1692d3d0cf?s=96&r=g","caption":"Zeutelier"},"sameAs":["http:\/\/zeutelier.fr","https:\/\/www.facebook.com\/zeutelier","https:\/\/fr.pinterest.com\/zeutelier"],"url":"https:\/\/zeutelier.fr\/?author=1"}]}},"_links":{"self":[{"href":"https:\/\/zeutelier.fr\/index.php?rest_route=\/wp\/v2\/posts\/1203","targetHints":{"allow":["GET"]}}],"collection":[{"href":"https:\/\/zeutelier.fr\/index.php?rest_route=\/wp\/v2\/posts"}],"about":[{"href":"https:\/\/zeutelier.fr\/index.php?rest_route=\/wp\/v2\/types\/post"}],"author":[{"embeddable":true,"href":"https:\/\/zeutelier.fr\/index.php?rest_route=\/wp\/v2\/users\/1"}],"replies":[{"embeddable":true,"href":"https:\/\/zeutelier.fr\/index.php?rest_route=%2Fwp%2Fv2%2Fcomments&post=1203"}],"version-history":[{"count":3,"href":"https:\/\/zeutelier.fr\/index.php?rest_route=\/wp\/v2\/posts\/1203\/revisions"}],"predecessor-version":[{"id":6860,"href":"https:\/\/zeutelier.fr\/index.php?rest_route=\/wp\/v2\/posts\/1203\/revisions\/6860"}],"wp:featuredmedia":[{"embeddable":true,"href":"https:\/\/zeutelier.fr\/index.php?rest_route=\/wp\/v2\/media\/6469"}],"wp:attachment":[{"href":"https:\/\/zeutelier.fr\/index.php?rest_route=%2Fwp%2Fv2%2Fmedia&parent=1203"}],"wp:term":[{"taxonomy":"category","embeddable":true,"href":"https:\/\/zeutelier.fr\/index.php?rest_route=%2Fwp%2Fv2%2Fcategories&post=1203"},{"taxonomy":"post_tag","embeddable":true,"href":"https:\/\/zeutelier.fr\/index.php?rest_route=%2Fwp%2Fv2%2Ftags&post=1203"}],"curies":[{"name":"wp","href":"https:\/\/api.w.org\/{rel}","templated":true}]}}